{"id":22705,"date":"2018-07-03T12:50:43","date_gmt":"2018-07-03T12:50:43","guid":{"rendered":"https:\/\/www.feurich.com\/?p=22705"},"modified":"2019-08-23T11:07:24","modified_gmt":"2019-08-23T11:07:24","slug":"3rd-international-feurich-competition-2018","status":"publish","type":"post","link":"https:\/\/feurich.com\/fr\/3rd-international-feurich-competition-2018\/","title":{"rendered":"3\u00e8me comp\u00e9tition internationale FEURICH \u2013 2018"},"content":{"rendered":"<div class=\"wpb-content-wrapper\"><p>[vc_row][vc_column width=\u00a0\u00bb1\/3&Prime;][vc_gallery interval=\u00a0\u00bb15&Prime; images=\u00a0\u00bb19135,19143,19151,19159,19247&Prime; img_size=\u00a0\u00bbfull\u00a0\u00bb][vc_empty_space height=\u00a0\u00bb24px\u00a0\u00bb][vc_column_text]<a href=\"https:\/\/www.feurich.com\/wp-content\/uploads\/Christian-Kliber.mov\">Christian Kliber \u00e0 propos de la 3<sup>\u00e8me<\/sup> comp\u00e9tition internationale FEURICH 2018, juste apr\u00e8s le concert de cl\u00f4ture.<\/a>[\/vc_column_text][\/vc_column][vc_column width=\u00a0\u00bb2\/3&Prime;][vc_column_text]<\/p>\n<h3>Nous avons entendu de formidables talents, lors de la finale de la 3<sup>\u00e8me<\/sup> comp\u00e9tition internationale FEURICH, pour piano, chant et musique de chambre.<\/h3>\n<p>72 finalistes de 21 pays (d\u2019Europe jusqu\u2019en Australie, du Japon au Tajikistan) ont montr\u00e9 que la musique est une langue universelle mondiale. L\u2019\u00e2ge de ses pratiquants est lui aussi sans fronti\u00e8res : cette ann\u00e9e, les participants \u00e0 la comp\u00e9tition avaient entre 4 et 65 ans.<\/p>\n<p>Voici les cat\u00e9gories repr\u00e9sent\u00e9es\u00a0:<\/p>\n<ul>\n<li>Piano seul et en duo<\/li>\n<li>Violon seul<\/li>\n<li>Voix<\/li>\n<li>Prix Elena Cobb Star<\/li>\n<li>Nouvelle cat\u00e9gorie : composition et musique contemporaine<\/li>\n<\/ul>\n<p>Participer \u00e0 la comp\u00e9tition FEURICH est \u00e0 la fois une c\u00e9l\u00e9bration de la musique et un moyen de partager sa passion, mais c\u2019est aussi une chance pour ceux qui veulent se faire un nom dans le monde de la musique.<\/p>\n<p>FEURICH, \u00e0 l\u2019origine de la cr\u00e9ation de cette comp\u00e9tition, offre un prix de 5\u00a0000 \u20ac au total. Le conservatoire <em>Prayner<\/em>, un de nos partenaires, nous a ouvert son incroyable salle Ehrbar pour le concert de cl\u00f4ture. Merci beaucoup\u00a0!<\/p>\n<p>Nous remercions particuli\u00e8rement nos nombreux autres soutiens, qui nous ont soutenu pour r\u00e9colter les 5000\u20ac du premier prix et r\u00e9aliser les invitations aux concerts\u00a0:<\/p>\n<ul>\n<li>\u00ab\u00a0Klassik opt amstelfeld\u00a0\u00bb \u00e0 Amsterdam (Pays Bas)<\/li>\n<li>Stage4kids \u00e0 Hamburg (Allemagne)<\/li>\n<li>Vytaskoe competition (Russie)<\/li>\n<li>Elena Cobb Star Prize Festival (Londres)<\/li>\n<li>Cultural Gardens Festival of Cleveland (USA)<\/li>\n<li>Spivakov fondation (Moscou)<\/li>\n<li>Chamber Music Open Air Festival (Saint P\u00e9tersbourg)<\/li>\n<\/ul>\n<p>La responsable de cette organisation \u00e9tait Elena Tolstykh, directrice de l\u2019\u00e9cole de musique Spielstatt. La soir\u00e9e de cl\u00f4ture fut orchestr\u00e9e d\u2019une main de ma\u00eetre par l\u2019acteur Michael Dangl. Tout deux ont r\u00e9alis\u00e9 un travail parfait\u00a0!<\/p>\n<p>La musique est synonyme de passion et d\u2019\u00e9motion pure. La technique ne joue seulement qu\u2019un r\u00f4le secondaire, en support. Ainsi, le jury s\u2019int\u00e9resse tout particuli\u00e8rement \u00e0 l\u2019expression artistique des candidats. Entre toutes les performances extraordinaires, deux talents l\u2019ont particuli\u00e8rement convaincu : le grand prix 2018 revient \u00e0 Vitaly Petrov (Russie) et Kiron Atom Tellian (Autriche)\u00a0!<\/p>\n<p>Un grand bravo \u00e0 tous les gagnants\u00a0!<\/p>\n<p>[\/vc_column_text][vc_empty_space height=\u00a0\u00bb24px\u00a0\u00bb][\/vc_column][\/vc_row][vc_row][vc_column][vc_media_grid grid_id=\u00a0\u00bbvc_gid:1566557479036-66e6c015-1659-7&Prime; include=\u00a0\u00bb21515,21524,21533,21542,21560,21551,21569,21578,21596,21605,21614,21623,21632,21641,21650,21659,21668,21677,21686,21695,21713,21722,21731,21740&Prime;][\/vc_column][\/vc_row]<\/p>\n<\/div>","protected":false},"excerpt":{"rendered":"<p>Lors de la 3\u00e8me comp\u00e9tition internationale FEURICH, pour piano, chant et musique de chambre, nous avons entendu de formidables talents.<\/p>\n","protected":false},"author":39,"featured_media":21758,"comment_status":"closed","ping_status":"closed","sticky":false,"template":"","format":"standard","meta":{"inline_featured_image":false,"footnotes":""},"categories":[721],"tags":[],"class_list":["post-22705","post","type-post","status-publish","format-standard","has-post-thumbnail","hentry","category-evenements"],"acf":[],"yoast_head":"<!-- This site is optimized with the Yoast SEO plugin v24.4 - https:\/\/yoast.com\/wordpress\/plugins\/seo\/ -->\n<title>3\u00e8me comp\u00e9tition internationale FEURICH \u2013 2018 - FEURICH<\/title>\n<meta name=\"description\" content=\"Lors de la 3\u00e8me comp\u00e9tition internationale FEURICH, pour piano, chant et musique de chambre, nous avons entendu de formidables talents.\" \/>\n<meta name=\"robots\" content=\"index, follow, max-snippet:-1, max-image-preview:large, max-video-preview:-1\" \/>\n<link rel=\"canonical\" href=\"https:\/\/feurich.com\/fr\/3rd-international-feurich-competition-2018\/\" \/>\n<meta property=\"og:locale\" content=\"fr_FR\" \/>\n<meta property=\"og:type\" content=\"article\" \/>\n<meta property=\"og:title\" content=\"3\u00e8me comp\u00e9tition internationale FEURICH \u2013 2018 - FEURICH\" \/>\n<meta property=\"og:description\" content=\"Lors de la 3\u00e8me comp\u00e9tition internationale FEURICH, pour piano, chant et musique de chambre, nous avons entendu de formidables talents.\" \/>\n<meta property=\"og:url\" content=\"https:\/\/feurich.com\/fr\/3rd-international-feurich-competition-2018\/\" \/>\n<meta property=\"og:site_name\" content=\"FEURICH\" \/>\n<meta property=\"article:publisher\" content=\"https:\/\/www.facebook.com\/feurichvienna\/\" \/>\n<meta property=\"article:published_time\" content=\"2018-07-03T12:50:43+00:00\" \/>\n<meta property=\"article:modified_time\" content=\"2019-08-23T11:07:24+00:00\" \/>\n<meta property=\"og:image\" content=\"https:\/\/feurich.com\/wp-content\/uploads\/FeurichCompetition2018.jpg\" \/>\n\t<meta property=\"og:image:width\" content=\"720\" \/>\n\t<meta property=\"og:image:height\" content=\"520\" \/>\n\t<meta property=\"og:image:type\" content=\"image\/jpeg\" \/>\n<meta name=\"author\" content=\"Alexander Bittner\" \/>\n<meta name=\"twitter:card\" content=\"summary_large_image\" \/>\n<meta name=\"twitter:creator\" content=\"@alexander@musikquartier.at\" \/>\n<meta name=\"twitter:label1\" content=\"\u00c9crit par\" \/>\n\t<meta name=\"twitter:data1\" content=\"Alexander Bittner\" \/>\n\t<meta name=\"twitter:label2\" content=\"Dur\u00e9e de lecture estim\u00e9e\" \/>\n\t<meta name=\"twitter:data2\" content=\"2 minutes\" \/>\n<script type=\"application\/ld+json\" class=\"yoast-schema-graph\">{\"@context\":\"https:\/\/schema.org\",\"@graph\":[{\"@type\":\"Article\",\"@id\":\"https:\/\/feurich.com\/fr\/3rd-international-feurich-competition-2018\/#article\",\"isPartOf\":{\"@id\":\"https:\/\/feurich.com\/fr\/3rd-international-feurich-competition-2018\/\"},\"author\":{\"name\":\"Alexander Bittner\",\"@id\":\"https:\/\/feurich.com\/en\/#\/schema\/person\/adf751fd1ba63649eafa96679628d2b9\"},\"headline\":\"3\u00e8me comp\u00e9tition internationale FEURICH \u2013 2018\",\"datePublished\":\"2018-07-03T12:50:43+00:00\",\"dateModified\":\"2019-08-23T11:07:24+00:00\",\"mainEntityOfPage\":{\"@id\":\"https:\/\/feurich.com\/fr\/3rd-international-feurich-competition-2018\/\"},\"wordCount\":434,\"publisher\":{\"@id\":\"https:\/\/feurich.com\/en\/#organization\"},\"image\":{\"@id\":\"https:\/\/feurich.com\/fr\/3rd-international-feurich-competition-2018\/#primaryimage\"},\"thumbnailUrl\":\"https:\/\/feurich.com\/wp-content\/uploads\/FeurichCompetition2018.jpg\",\"articleSection\":[\"\u00c9v\u00e9nements\"],\"inLanguage\":\"fr-FR\"},{\"@type\":\"WebPage\",\"@id\":\"https:\/\/feurich.com\/fr\/3rd-international-feurich-competition-2018\/\",\"url\":\"https:\/\/feurich.com\/fr\/3rd-international-feurich-competition-2018\/\",\"name\":\"3\u00e8me comp\u00e9tition internationale FEURICH \u2013 2018 - FEURICH\",\"isPartOf\":{\"@id\":\"https:\/\/feurich.com\/en\/#website\"},\"primaryImageOfPage\":{\"@id\":\"https:\/\/feurich.com\/fr\/3rd-international-feurich-competition-2018\/#primaryimage\"},\"image\":{\"@id\":\"https:\/\/feurich.com\/fr\/3rd-international-feurich-competition-2018\/#primaryimage\"},\"thumbnailUrl\":\"https:\/\/feurich.com\/wp-content\/uploads\/FeurichCompetition2018.jpg\",\"datePublished\":\"2018-07-03T12:50:43+00:00\",\"dateModified\":\"2019-08-23T11:07:24+00:00\",\"description\":\"Lors de la 3\u00e8me comp\u00e9tition internationale FEURICH, pour piano, chant et musique de chambre, nous avons entendu de formidables talents.\",\"breadcrumb\":{\"@id\":\"https:\/\/feurich.com\/fr\/3rd-international-feurich-competition-2018\/#breadcrumb\"},\"inLanguage\":\"fr-FR\",\"potentialAction\":[{\"@type\":\"ReadAction\",\"target\":[\"https:\/\/feurich.com\/fr\/3rd-international-feurich-competition-2018\/\"]}]},{\"@type\":\"ImageObject\",\"inLanguage\":\"fr-FR\",\"@id\":\"https:\/\/feurich.com\/fr\/3rd-international-feurich-competition-2018\/#primaryimage\",\"url\":\"https:\/\/feurich.com\/wp-content\/uploads\/FeurichCompetition2018.jpg\",\"contentUrl\":\"https:\/\/feurich.com\/wp-content\/uploads\/FeurichCompetition2018.jpg\",\"width\":720,\"height\":520,\"caption\":\"FeurichCompetition2018\"},{\"@type\":\"BreadcrumbList\",\"@id\":\"https:\/\/feurich.com\/fr\/3rd-international-feurich-competition-2018\/#breadcrumb\",\"itemListElement\":[{\"@type\":\"ListItem\",\"position\":1,\"name\":\"Home\",\"item\":\"https:\/\/feurich.com\/fr\/\"},{\"@type\":\"ListItem\",\"position\":2,\"name\":\"3\u00e8me comp\u00e9tition internationale FEURICH \u2013 2018\"}]},{\"@type\":\"WebSite\",\"@id\":\"https:\/\/feurich.com\/en\/#website\",\"url\":\"https:\/\/feurich.com\/en\/\",\"name\":\"FEURICH\",\"description\":\"A sound that connects\",\"publisher\":{\"@id\":\"https:\/\/feurich.com\/en\/#organization\"},\"potentialAction\":[{\"@type\":\"SearchAction\",\"target\":{\"@type\":\"EntryPoint\",\"urlTemplate\":\"https:\/\/feurich.com\/en\/?s={search_term_string}\"},\"query-input\":{\"@type\":\"PropertyValueSpecification\",\"valueRequired\":true,\"valueName\":\"search_term_string\"}}],\"inLanguage\":\"fr-FR\"},{\"@type\":\"Organization\",\"@id\":\"https:\/\/feurich.com\/en\/#organization\",\"name\":\"FEURICH\",\"url\":\"https:\/\/feurich.com\/en\/\",\"logo\":{\"@type\":\"ImageObject\",\"inLanguage\":\"fr-FR\",\"@id\":\"https:\/\/feurich.com\/en\/#\/schema\/logo\/image\/\",\"url\":\"https:\/\/feurich.com\/wp-content\/uploads\/logo.png\",\"contentUrl\":\"https:\/\/feurich.com\/wp-content\/uploads\/logo.png\",\"width\":354,\"height\":151,\"caption\":\"FEURICH\"},\"image\":{\"@id\":\"https:\/\/feurich.com\/en\/#\/schema\/logo\/image\/\"},\"sameAs\":[\"https:\/\/www.facebook.com\/feurichvienna\/\"]},{\"@type\":\"Person\",\"@id\":\"https:\/\/feurich.com\/en\/#\/schema\/person\/adf751fd1ba63649eafa96679628d2b9\",\"name\":\"Alexander Bittner\",\"image\":{\"@type\":\"ImageObject\",\"inLanguage\":\"fr-FR\",\"@id\":\"https:\/\/feurich.com\/en\/#\/schema\/person\/image\/\",\"url\":\"https:\/\/secure.gravatar.com\/avatar\/26cff4648a81b7e60fc87fd8eaaed1f3?s=96&d=mm&r=g\",\"contentUrl\":\"https:\/\/secure.gravatar.com\/avatar\/26cff4648a81b7e60fc87fd8eaaed1f3?s=96&d=mm&r=g\",\"caption\":\"Alexander Bittner\"},\"sameAs\":[\"https:\/\/x.com\/alexander@musikquartier.at\"],\"url\":\"https:\/\/feurich.com\/fr\/author\/alexander\/\"}]}<\/script>\n<!-- \/ Yoast SEO plugin. -->","yoast_head_json":{"title":"3\u00e8me comp\u00e9tition internationale FEURICH \u2013 2018 - FEURICH","description":"Lors de la 3\u00e8me comp\u00e9tition internationale FEURICH, pour piano, chant et musique de chambre, nous avons entendu de formidables talents.","robots":{"index":"index","follow":"follow","max-snippet":"max-snippet:-1","max-image-preview":"max-image-preview:large","max-video-preview":"max-video-preview:-1"},"canonical":"https:\/\/feurich.com\/fr\/3rd-international-feurich-competition-2018\/","og_locale":"fr_FR","og_type":"article","og_title":"3\u00e8me comp\u00e9tition internationale FEURICH \u2013 2018 - FEURICH","og_description":"Lors de la 3\u00e8me comp\u00e9tition internationale FEURICH, pour piano, chant et musique de chambre, nous avons entendu de formidables talents.","og_url":"https:\/\/feurich.com\/fr\/3rd-international-feurich-competition-2018\/","og_site_name":"FEURICH","article_publisher":"https:\/\/www.facebook.com\/feurichvienna\/","article_published_time":"2018-07-03T12:50:43+00:00","article_modified_time":"2019-08-23T11:07:24+00:00","og_image":[{"width":720,"height":520,"url":"https:\/\/feurich.com\/wp-content\/uploads\/FeurichCompetition2018.jpg","type":"image\/jpeg"}],"author":"Alexander Bittner","twitter_card":"summary_large_image","twitter_creator":"@alexander@musikquartier.at","twitter_misc":{"\u00c9crit par":"Alexander Bittner","Dur\u00e9e de lecture estim\u00e9e":"2 minutes"},"schema":{"@context":"https:\/\/schema.org","@graph":[{"@type":"Article","@id":"https:\/\/feurich.com\/fr\/3rd-international-feurich-competition-2018\/#article","isPartOf":{"@id":"https:\/\/feurich.com\/fr\/3rd-international-feurich-competition-2018\/"},"author":{"name":"Alexander Bittner","@id":"https:\/\/feurich.com\/en\/#\/schema\/person\/adf751fd1ba63649eafa96679628d2b9"},"headline":"3\u00e8me comp\u00e9tition internationale FEURICH \u2013 2018","datePublished":"2018-07-03T12:50:43+00:00","dateModified":"2019-08-23T11:07:24+00:00","mainEntityOfPage":{"@id":"https:\/\/feurich.com\/fr\/3rd-international-feurich-competition-2018\/"},"wordCount":434,"publisher":{"@id":"https:\/\/feurich.com\/en\/#organization"},"image":{"@id":"https:\/\/feurich.com\/fr\/3rd-international-feurich-competition-2018\/#primaryimage"},"thumbnailUrl":"https:\/\/feurich.com\/wp-content\/uploads\/FeurichCompetition2018.jpg","articleSection":["\u00c9v\u00e9nements"],"inLanguage":"fr-FR"},{"@type":"WebPage","@id":"https:\/\/feurich.com\/fr\/3rd-international-feurich-competition-2018\/","url":"https:\/\/feurich.com\/fr\/3rd-international-feurich-competition-2018\/","name":"3\u00e8me comp\u00e9tition internationale FEURICH \u2013 2018 - FEURICH","isPartOf":{"@id":"https:\/\/feurich.com\/en\/#website"},"primaryImageOfPage":{"@id":"https:\/\/feurich.com\/fr\/3rd-international-feurich-competition-2018\/#primaryimage"},"image":{"@id":"https:\/\/feurich.com\/fr\/3rd-international-feurich-competition-2018\/#primaryimage"},"thumbnailUrl":"https:\/\/feurich.com\/wp-content\/uploads\/FeurichCompetition2018.jpg","datePublished":"2018-07-03T12:50:43+00:00","dateModified":"2019-08-23T11:07:24+00:00","description":"Lors de la 3\u00e8me comp\u00e9tition internationale FEURICH, pour piano, chant et musique de chambre, nous avons entendu de formidables talents.","breadcrumb":{"@id":"https:\/\/feurich.com\/fr\/3rd-international-feurich-competition-2018\/#breadcrumb"},"inLanguage":"fr-FR","potentialAction":[{"@type":"ReadAction","target":["https:\/\/feurich.com\/fr\/3rd-international-feurich-competition-2018\/"]}]},{"@type":"ImageObject","inLanguage":"fr-FR","@id":"https:\/\/feurich.com\/fr\/3rd-international-feurich-competition-2018\/#primaryimage","url":"https:\/\/feurich.com\/wp-content\/uploads\/FeurichCompetition2018.jpg","contentUrl":"https:\/\/feurich.com\/wp-content\/uploads\/FeurichCompetition2018.jpg","width":720,"height":520,"caption":"FeurichCompetition2018"},{"@type":"BreadcrumbList","@id":"https:\/\/feurich.com\/fr\/3rd-international-feurich-competition-2018\/#breadcrumb","itemListElement":[{"@type":"ListItem","position":1,"name":"Home","item":"https:\/\/feurich.com\/fr\/"},{"@type":"ListItem","position":2,"name":"3\u00e8me comp\u00e9tition internationale FEURICH \u2013 2018"}]},{"@type":"WebSite","@id":"https:\/\/feurich.com\/en\/#website","url":"https:\/\/feurich.com\/en\/","name":"FEURICH","description":"A sound that connects","publisher":{"@id":"https:\/\/feurich.com\/en\/#organization"},"potentialAction":[{"@type":"SearchAction","target":{"@type":"EntryPoint","urlTemplate":"https:\/\/feurich.com\/en\/?s={search_term_string}"},"query-input":{"@type":"PropertyValueSpecification","valueRequired":true,"valueName":"search_term_string"}}],"inLanguage":"fr-FR"},{"@type":"Organization","@id":"https:\/\/feurich.com\/en\/#organization","name":"FEURICH","url":"https:\/\/feurich.com\/en\/","logo":{"@type":"ImageObject","inLanguage":"fr-FR","@id":"https:\/\/feurich.com\/en\/#\/schema\/logo\/image\/","url":"https:\/\/feurich.com\/wp-content\/uploads\/logo.png","contentUrl":"https:\/\/feurich.com\/wp-content\/uploads\/logo.png","width":354,"height":151,"caption":"FEURICH"},"image":{"@id":"https:\/\/feurich.com\/en\/#\/schema\/logo\/image\/"},"sameAs":["https:\/\/www.facebook.com\/feurichvienna\/"]},{"@type":"Person","@id":"https:\/\/feurich.com\/en\/#\/schema\/person\/adf751fd1ba63649eafa96679628d2b9","name":"Alexander Bittner","image":{"@type":"ImageObject","inLanguage":"fr-FR","@id":"https:\/\/feurich.com\/en\/#\/schema\/person\/image\/","url":"https:\/\/secure.gravatar.com\/avatar\/26cff4648a81b7e60fc87fd8eaaed1f3?s=96&d=mm&r=g","contentUrl":"https:\/\/secure.gravatar.com\/avatar\/26cff4648a81b7e60fc87fd8eaaed1f3?s=96&d=mm&r=g","caption":"Alexander Bittner"},"sameAs":["https:\/\/x.com\/alexander@musikquartier.at"],"url":"https:\/\/feurich.com\/fr\/author\/alexander\/"}]}},"_links":{"self":[{"href":"https:\/\/feurich.com\/fr\/wp-json\/wp\/v2\/posts\/22705","targetHints":{"allow":["GET"]}}],"collection":[{"href":"https:\/\/feurich.com\/fr\/wp-json\/wp\/v2\/posts"}],"about":[{"href":"https:\/\/feurich.com\/fr\/wp-json\/wp\/v2\/types\/post"}],"author":[{"embeddable":true,"href":"https:\/\/feurich.com\/fr\/wp-json\/wp\/v2\/users\/39"}],"replies":[{"embeddable":true,"href":"https:\/\/feurich.com\/fr\/wp-json\/wp\/v2\/comments?post=22705"}],"version-history":[{"count":6,"href":"https:\/\/feurich.com\/fr\/wp-json\/wp\/v2\/posts\/22705\/revisions"}],"predecessor-version":[{"id":25923,"href":"https:\/\/feurich.com\/fr\/wp-json\/wp\/v2\/posts\/22705\/revisions\/25923"}],"wp:featuredmedia":[{"embeddable":true,"href":"https:\/\/feurich.com\/fr\/wp-json\/wp\/v2\/media\/21758"}],"wp:attachment":[{"href":"https:\/\/feurich.com\/fr\/wp-json\/wp\/v2\/media?parent=22705"}],"wp:term":[{"taxonomy":"category","embeddable":true,"href":"https:\/\/feurich.com\/fr\/wp-json\/wp\/v2\/categories?post=22705"},{"taxonomy":"post_tag","embeddable":true,"href":"https:\/\/feurich.com\/fr\/wp-json\/wp\/v2\/tags?post=22705"}],"curies":[{"name":"wp","href":"https:\/\/api.w.org\/{rel}","templated":true}]}}