{"id":13863,"date":"2018-04-02T09:28:24","date_gmt":"2018-04-02T09:28:24","guid":{"rendered":"https:\/\/www.feurich.com\/galardon-para-el-modelo-feurich-123-vienna\/"},"modified":"2018-04-02T09:28:24","modified_gmt":"2018-04-02T09:28:24","slug":"galardon-para-el-modelo-feurich-123-vienna","status":"publish","type":"post","link":"https:\/\/feurich.com\/es\/galardon-para-el-modelo-feurich-123-vienna\/","title":{"rendered":"Galard\u00f3n para el modelo FEURICH 123 \u2013 Vienna"},"content":{"rendered":"<p>Aunque la producci\u00f3n del \u00abPiano de Viena\u00bb, el modelo FEURICH 123 &#8211; Vienna, es limitada, su eco ha sido enorme!. Todo aquel que lo ha probado ha quedado encantado. Y as\u00ed ha sido para el jurado de la revista comercial francesa <a href=\"http:\/\/www.pianiste.fr\/\">\u201ePianiste\u201c<\/a>, que ha otorgado a nuestro piano hecho en Viena el m\u00e1s alto galard\u00f3n: \u00a1MAESTRO!<\/p>\n<blockquote><p><a href=\"https:\/\/feurich.com\/es\/productos\/vienna-pianos\/\">&gt; al modelo FEURICH 123 \u2013 Vienna<\/a><\/p><\/blockquote>\n<figure id=\"attachment_1793\" aria-describedby=\"caption-attachment-1793\" style=\"width: 300px\" class=\"wp-caption alignnone\"><img loading=\"lazy\" decoding=\"async\" class=\"size-medium wp-image-1793\" src=\"\" alt=\"Pianiste Maestro\" width=\"300\" height=\"161\" \/><figcaption id=\"caption-attachment-1793\" class=\"wp-caption-text\">Pianiste Maestro<\/figcaption><\/figure>\n<figure id=\"attachment_1791\" aria-describedby=\"caption-attachment-1791\" style=\"width: 480px\" class=\"wp-caption alignnone\"><img loading=\"lazy\" decoding=\"async\" class=\"wp-image-1791 size-full\" src=\"\" alt=\"Pianiste Frankreich\" width=\"480\" height=\"640\" \/><figcaption id=\"caption-attachment-1791\" class=\"wp-caption-text\">Pianiste Frankreich<\/figcaption><\/figure>\n","protected":false},"excerpt":{"rendered":"<p>Nuestro modelo FEURICH 123 &#8211; Vienna recibi\u00f3 el m\u00e1ximo galard\u00f3n de la revista francesa \u00abPianiste\u00bb: MAESTRO!<\/p>\n","protected":false},"author":7,"featured_media":13864,"comment_status":"closed","ping_status":"closed","sticky":false,"template":"","format":"standard","meta":{"inline_featured_image":false,"footnotes":""},"categories":[309],"tags":[],"class_list":["post-13863","post","type-post","status-publish","format-standard","has-post-thumbnail","hentry","category-sin-categorizar"],"acf":[],"yoast_head":"<!-- This site is optimized with the Yoast SEO plugin v24.4 - https:\/\/yoast.com\/wordpress\/plugins\/seo\/ -->\n<title>Galard\u00f3n para el modelo FEURICH 123 \u2013 Vienna - FEURICH<\/title>\n<meta name=\"robots\" content=\"index, follow, max-snippet:-1, max-image-preview:large, max-video-preview:-1\" \/>\n<link rel=\"canonical\" href=\"https:\/\/feurich.com\/es\/galardon-para-el-modelo-feurich-123-vienna\/\" \/>\n<meta property=\"og:locale\" content=\"es_ES\" \/>\n<meta property=\"og:type\" content=\"article\" \/>\n<meta property=\"og:title\" content=\"Galard\u00f3n para el modelo FEURICH 123 \u2013 Vienna - FEURICH\" \/>\n<meta property=\"og:description\" content=\"Nuestro modelo FEURICH 123 - Vienna recibi\u00f3 el m\u00e1ximo galard\u00f3n de la revista francesa &quot;Pianiste&quot;: MAESTRO!\" \/>\n<meta property=\"og:url\" content=\"https:\/\/feurich.com\/es\/galardon-para-el-modelo-feurich-123-vienna\/\" \/>\n<meta property=\"og:site_name\" content=\"FEURICH\" \/>\n<meta property=\"article:publisher\" content=\"https:\/\/www.facebook.com\/feurichvienna\/\" \/>\n<meta property=\"article:published_time\" content=\"2018-04-02T09:28:24+00:00\" \/>\n<meta property=\"og:image\" content=\"https:\/\/feurich.com\/wp-content\/uploads\/Pianiste_Maestro_Logo_Rahmen.jpg\" \/>\n\t<meta property=\"og:image:width\" content=\"372\" \/>\n\t<meta property=\"og:image:height\" content=\"200\" \/>\n\t<meta property=\"og:image:type\" content=\"image\/jpeg\" \/>\n<meta name=\"author\" content=\"inge\" \/>\n<meta name=\"twitter:card\" content=\"summary_large_image\" \/>\n<meta name=\"twitter:label1\" content=\"Escrito por\" \/>\n\t<meta name=\"twitter:data1\" content=\"inge\" \/>\n<script type=\"application\/ld+json\" class=\"yoast-schema-graph\">{\"@context\":\"https:\/\/schema.org\",\"@graph\":[{\"@type\":\"Article\",\"@id\":\"https:\/\/feurich.com\/es\/galardon-para-el-modelo-feurich-123-vienna\/#article\",\"isPartOf\":{\"@id\":\"https:\/\/feurich.com\/es\/galardon-para-el-modelo-feurich-123-vienna\/\"},\"author\":{\"name\":\"inge\",\"@id\":\"https:\/\/feurich.com\/en\/#\/schema\/person\/81e0ed9ac975c3a014a17525ddcdc993\"},\"headline\":\"Galard\u00f3n para el modelo FEURICH 123 \u2013 Vienna\",\"datePublished\":\"2018-04-02T09:28:24+00:00\",\"mainEntityOfPage\":{\"@id\":\"https:\/\/feurich.com\/es\/galardon-para-el-modelo-feurich-123-vienna\/\"},\"wordCount\":88,\"publisher\":{\"@id\":\"https:\/\/feurich.com\/en\/#organization\"},\"image\":{\"@id\":\"https:\/\/feurich.com\/es\/galardon-para-el-modelo-feurich-123-vienna\/#primaryimage\"},\"thumbnailUrl\":\"https:\/\/feurich.com\/wp-content\/uploads\/Pianiste_Maestro_Logo_Rahmen.jpg\",\"articleSection\":[\"Novedades\"],\"inLanguage\":\"es\"},{\"@type\":\"WebPage\",\"@id\":\"https:\/\/feurich.com\/es\/galardon-para-el-modelo-feurich-123-vienna\/\",\"url\":\"https:\/\/feurich.com\/es\/galardon-para-el-modelo-feurich-123-vienna\/\",\"name\":\"Galard\u00f3n para el modelo FEURICH 123 \u2013 Vienna - FEURICH\",\"isPartOf\":{\"@id\":\"https:\/\/feurich.com\/en\/#website\"},\"primaryImageOfPage\":{\"@id\":\"https:\/\/feurich.com\/es\/galardon-para-el-modelo-feurich-123-vienna\/#primaryimage\"},\"image\":{\"@id\":\"https:\/\/feurich.com\/es\/galardon-para-el-modelo-feurich-123-vienna\/#primaryimage\"},\"thumbnailUrl\":\"https:\/\/feurich.com\/wp-content\/uploads\/Pianiste_Maestro_Logo_Rahmen.jpg\",\"datePublished\":\"2018-04-02T09:28:24+00:00\",\"breadcrumb\":{\"@id\":\"https:\/\/feurich.com\/es\/galardon-para-el-modelo-feurich-123-vienna\/#breadcrumb\"},\"inLanguage\":\"es\",\"potentialAction\":[{\"@type\":\"ReadAction\",\"target\":[\"https:\/\/feurich.com\/es\/galardon-para-el-modelo-feurich-123-vienna\/\"]}]},{\"@type\":\"ImageObject\",\"inLanguage\":\"es\",\"@id\":\"https:\/\/feurich.com\/es\/galardon-para-el-modelo-feurich-123-vienna\/#primaryimage\",\"url\":\"https:\/\/feurich.com\/wp-content\/uploads\/Pianiste_Maestro_Logo_Rahmen.jpg\",\"contentUrl\":\"https:\/\/feurich.com\/wp-content\/uploads\/Pianiste_Maestro_Logo_Rahmen.jpg\",\"width\":372,\"height\":200,\"caption\":\"Pianiste Maestro\"},{\"@type\":\"BreadcrumbList\",\"@id\":\"https:\/\/feurich.com\/es\/galardon-para-el-modelo-feurich-123-vienna\/#breadcrumb\",\"itemListElement\":[{\"@type\":\"ListItem\",\"position\":1,\"name\":\"Home\",\"item\":\"https:\/\/feurich.com\/es\/\"},{\"@type\":\"ListItem\",\"position\":2,\"name\":\"Galard\u00f3n para el modelo FEURICH 123 \u2013 Vienna\"}]},{\"@type\":\"WebSite\",\"@id\":\"https:\/\/feurich.com\/en\/#website\",\"url\":\"https:\/\/feurich.com\/en\/\",\"name\":\"FEURICH\",\"description\":\"A sound that connects\",\"publisher\":{\"@id\":\"https:\/\/feurich.com\/en\/#organization\"},\"potentialAction\":[{\"@type\":\"SearchAction\",\"target\":{\"@type\":\"EntryPoint\",\"urlTemplate\":\"https:\/\/feurich.com\/en\/?s={search_term_string}\"},\"query-input\":{\"@type\":\"PropertyValueSpecification\",\"valueRequired\":true,\"valueName\":\"search_term_string\"}}],\"inLanguage\":\"es\"},{\"@type\":\"Organization\",\"@id\":\"https:\/\/feurich.com\/en\/#organization\",\"name\":\"FEURICH\",\"url\":\"https:\/\/feurich.com\/en\/\",\"logo\":{\"@type\":\"ImageObject\",\"inLanguage\":\"es\",\"@id\":\"https:\/\/feurich.com\/en\/#\/schema\/logo\/image\/\",\"url\":\"https:\/\/feurich.com\/wp-content\/uploads\/logo.png\",\"contentUrl\":\"https:\/\/feurich.com\/wp-content\/uploads\/logo.png\",\"width\":354,\"height\":151,\"caption\":\"FEURICH\"},\"image\":{\"@id\":\"https:\/\/feurich.com\/en\/#\/schema\/logo\/image\/\"},\"sameAs\":[\"https:\/\/www.facebook.com\/feurichvienna\/\"]},{\"@type\":\"Person\",\"@id\":\"https:\/\/feurich.com\/en\/#\/schema\/person\/81e0ed9ac975c3a014a17525ddcdc993\",\"name\":\"inge\",\"image\":{\"@type\":\"ImageObject\",\"inLanguage\":\"es\",\"@id\":\"https:\/\/feurich.com\/en\/#\/schema\/person\/image\/\",\"url\":\"https:\/\/secure.gravatar.com\/avatar\/766939ba5751f37e0e2c2b9117488cf2?s=96&d=mm&r=g\",\"contentUrl\":\"https:\/\/secure.gravatar.com\/avatar\/766939ba5751f37e0e2c2b9117488cf2?s=96&d=mm&r=g\",\"caption\":\"inge\"},\"url\":\"https:\/\/feurich.com\/es\/author\/inge\/\"}]}<\/script>\n<!-- \/ Yoast SEO plugin. -->","yoast_head_json":{"title":"Galard\u00f3n para el modelo FEURICH 123 \u2013 Vienna - FEURICH","robots":{"index":"index","follow":"follow","max-snippet":"max-snippet:-1","max-image-preview":"max-image-preview:large","max-video-preview":"max-video-preview:-1"},"canonical":"https:\/\/feurich.com\/es\/galardon-para-el-modelo-feurich-123-vienna\/","og_locale":"es_ES","og_type":"article","og_title":"Galard\u00f3n para el modelo FEURICH 123 \u2013 Vienna - FEURICH","og_description":"Nuestro modelo FEURICH 123 - Vienna recibi\u00f3 el m\u00e1ximo galard\u00f3n de la revista francesa \"Pianiste\": MAESTRO!","og_url":"https:\/\/feurich.com\/es\/galardon-para-el-modelo-feurich-123-vienna\/","og_site_name":"FEURICH","article_publisher":"https:\/\/www.facebook.com\/feurichvienna\/","article_published_time":"2018-04-02T09:28:24+00:00","og_image":[{"width":372,"height":200,"url":"https:\/\/feurich.com\/wp-content\/uploads\/Pianiste_Maestro_Logo_Rahmen.jpg","type":"image\/jpeg"}],"author":"inge","twitter_card":"summary_large_image","twitter_misc":{"Escrito por":"inge"},"schema":{"@context":"https:\/\/schema.org","@graph":[{"@type":"Article","@id":"https:\/\/feurich.com\/es\/galardon-para-el-modelo-feurich-123-vienna\/#article","isPartOf":{"@id":"https:\/\/feurich.com\/es\/galardon-para-el-modelo-feurich-123-vienna\/"},"author":{"name":"inge","@id":"https:\/\/feurich.com\/en\/#\/schema\/person\/81e0ed9ac975c3a014a17525ddcdc993"},"headline":"Galard\u00f3n para el modelo FEURICH 123 \u2013 Vienna","datePublished":"2018-04-02T09:28:24+00:00","mainEntityOfPage":{"@id":"https:\/\/feurich.com\/es\/galardon-para-el-modelo-feurich-123-vienna\/"},"wordCount":88,"publisher":{"@id":"https:\/\/feurich.com\/en\/#organization"},"image":{"@id":"https:\/\/feurich.com\/es\/galardon-para-el-modelo-feurich-123-vienna\/#primaryimage"},"thumbnailUrl":"https:\/\/feurich.com\/wp-content\/uploads\/Pianiste_Maestro_Logo_Rahmen.jpg","articleSection":["Novedades"],"inLanguage":"es"},{"@type":"WebPage","@id":"https:\/\/feurich.com\/es\/galardon-para-el-modelo-feurich-123-vienna\/","url":"https:\/\/feurich.com\/es\/galardon-para-el-modelo-feurich-123-vienna\/","name":"Galard\u00f3n para el modelo FEURICH 123 \u2013 Vienna - FEURICH","isPartOf":{"@id":"https:\/\/feurich.com\/en\/#website"},"primaryImageOfPage":{"@id":"https:\/\/feurich.com\/es\/galardon-para-el-modelo-feurich-123-vienna\/#primaryimage"},"image":{"@id":"https:\/\/feurich.com\/es\/galardon-para-el-modelo-feurich-123-vienna\/#primaryimage"},"thumbnailUrl":"https:\/\/feurich.com\/wp-content\/uploads\/Pianiste_Maestro_Logo_Rahmen.jpg","datePublished":"2018-04-02T09:28:24+00:00","breadcrumb":{"@id":"https:\/\/feurich.com\/es\/galardon-para-el-modelo-feurich-123-vienna\/#breadcrumb"},"inLanguage":"es","potentialAction":[{"@type":"ReadAction","target":["https:\/\/feurich.com\/es\/galardon-para-el-modelo-feurich-123-vienna\/"]}]},{"@type":"ImageObject","inLanguage":"es","@id":"https:\/\/feurich.com\/es\/galardon-para-el-modelo-feurich-123-vienna\/#primaryimage","url":"https:\/\/feurich.com\/wp-content\/uploads\/Pianiste_Maestro_Logo_Rahmen.jpg","contentUrl":"https:\/\/feurich.com\/wp-content\/uploads\/Pianiste_Maestro_Logo_Rahmen.jpg","width":372,"height":200,"caption":"Pianiste Maestro"},{"@type":"BreadcrumbList","@id":"https:\/\/feurich.com\/es\/galardon-para-el-modelo-feurich-123-vienna\/#breadcrumb","itemListElement":[{"@type":"ListItem","position":1,"name":"Home","item":"https:\/\/feurich.com\/es\/"},{"@type":"ListItem","position":2,"name":"Galard\u00f3n para el modelo FEURICH 123 \u2013 Vienna"}]},{"@type":"WebSite","@id":"https:\/\/feurich.com\/en\/#website","url":"https:\/\/feurich.com\/en\/","name":"FEURICH","description":"A sound that connects","publisher":{"@id":"https:\/\/feurich.com\/en\/#organization"},"potentialAction":[{"@type":"SearchAction","target":{"@type":"EntryPoint","urlTemplate":"https:\/\/feurich.com\/en\/?s={search_term_string}"},"query-input":{"@type":"PropertyValueSpecification","valueRequired":true,"valueName":"search_term_string"}}],"inLanguage":"es"},{"@type":"Organization","@id":"https:\/\/feurich.com\/en\/#organization","name":"FEURICH","url":"https:\/\/feurich.com\/en\/","logo":{"@type":"ImageObject","inLanguage":"es","@id":"https:\/\/feurich.com\/en\/#\/schema\/logo\/image\/","url":"https:\/\/feurich.com\/wp-content\/uploads\/logo.png","contentUrl":"https:\/\/feurich.com\/wp-content\/uploads\/logo.png","width":354,"height":151,"caption":"FEURICH"},"image":{"@id":"https:\/\/feurich.com\/en\/#\/schema\/logo\/image\/"},"sameAs":["https:\/\/www.facebook.com\/feurichvienna\/"]},{"@type":"Person","@id":"https:\/\/feurich.com\/en\/#\/schema\/person\/81e0ed9ac975c3a014a17525ddcdc993","name":"inge","image":{"@type":"ImageObject","inLanguage":"es","@id":"https:\/\/feurich.com\/en\/#\/schema\/person\/image\/","url":"https:\/\/secure.gravatar.com\/avatar\/766939ba5751f37e0e2c2b9117488cf2?s=96&d=mm&r=g","contentUrl":"https:\/\/secure.gravatar.com\/avatar\/766939ba5751f37e0e2c2b9117488cf2?s=96&d=mm&r=g","caption":"inge"},"url":"https:\/\/feurich.com\/es\/author\/inge\/"}]}},"_links":{"self":[{"href":"https:\/\/feurich.com\/es\/wp-json\/wp\/v2\/posts\/13863","targetHints":{"allow":["GET"]}}],"collection":[{"href":"https:\/\/feurich.com\/es\/wp-json\/wp\/v2\/posts"}],"about":[{"href":"https:\/\/feurich.com\/es\/wp-json\/wp\/v2\/types\/post"}],"author":[{"embeddable":true,"href":"https:\/\/feurich.com\/es\/wp-json\/wp\/v2\/users\/7"}],"replies":[{"embeddable":true,"href":"https:\/\/feurich.com\/es\/wp-json\/wp\/v2\/comments?post=13863"}],"version-history":[{"count":0,"href":"https:\/\/feurich.com\/es\/wp-json\/wp\/v2\/posts\/13863\/revisions"}],"wp:featuredmedia":[{"embeddable":true,"href":"https:\/\/feurich.com\/es\/wp-json\/wp\/v2\/media\/13864"}],"wp:attachment":[{"href":"https:\/\/feurich.com\/es\/wp-json\/wp\/v2\/media?parent=13863"}],"wp:term":[{"taxonomy":"category","embeddable":true,"href":"https:\/\/feurich.com\/es\/wp-json\/wp\/v2\/categories?post=13863"},{"taxonomy":"post_tag","embeddable":true,"href":"https:\/\/feurich.com\/es\/wp-json\/wp\/v2\/tags?post=13863"}],"curies":[{"name":"wp","href":"https:\/\/api.w.org\/{rel}","templated":true}]}}