{"id":13834,"date":"2018-04-01T15:03:11","date_gmt":"2018-04-01T15:03:11","guid":{"rendered":"https:\/\/www.feurich.com\/dia-del-pianoen-el-barbican-en-londres\/"},"modified":"2018-04-01T15:03:12","modified_gmt":"2018-04-01T15:03:12","slug":"dia-del-pianoen-el-barbican-en-londres","status":"publish","type":"post","link":"https:\/\/feurich.com\/es\/dia-del-pianoen-el-barbican-en-londres\/","title":{"rendered":"D\u00eda del Pianoen el Barbican en Londres"},"content":{"rendered":"<div class=\"wpb-content-wrapper\"><p>[vc_row][vc_column width=\u00bb1\/3&#8243;][vc_column_text]<div class=\"wpb_video_widget wpb_content_element  vc_clearfix vc_video-aspect-ratio-43 vc_video-el-width-100 vc_video-align-left\"><div class=\"wpb_wrapper\"><div class=\"wpb_video_wrapper\"><div class=\"fluid-width-video-wrapper\"><iframe src=\"https:\/\/www.youtube.com\/embed\/1D5veFa5Bcs?feature=oembed\" frameborder=\"0\" gesture=\"media\" allow=\"encrypted-media\" allowfullscreen=\"\" class=\"vid-youtube\"><\/iframe><\/div><\/div><\/div><\/div>[\/vc_column_text][vc_empty_space][\/vc_column][vc_column width=\u00bb2\/3&#8243;][vc_column_text]El <a href=\"https:\/\/www.barbican.org.uk\/\" target=\"_blank\" rel=\"noopener\">Barbican Center<\/a> de Londres es un lugar extraordinario donde la atenci\u00f3n se centra en la m\u00fasica, el aprendizaje de un instrumento y la exploraci\u00f3n de diversas formas de arte.<\/p>\n<p>Para el D\u00eda del Piano, el 29 de marzo del 2017, se les ocurri\u00f3 algo muy especial: 6 pianistas tocaron simultaneamente 6 pianos de cola, modelo FEURICH <a href=\"https:\/\/www.feurich.com\/es\/productos\/classic-pianos\/179-dynamic-ii\/\" target=\"_blank\" rel=\"noopener\">179 \u2013 Dynamic II<\/a>.[\/vc_column_text][\/vc_column][\/vc_row]<\/p>\n<\/div>","protected":false},"excerpt":{"rendered":"<p>El \u00abBarbican Center\u00bb celebr\u00f3 el d\u00eda del Piano el 29 de marzo del 2017: 6 pianistas tocaron al tiempo en 6 pianos de cola modelo FEURICH 179 &#8211; Dynamic II.<\/p>\n","protected":false},"author":7,"featured_media":11092,"comment_status":"closed","ping_status":"closed","sticky":false,"template":"","format":"standard","meta":{"inline_featured_image":false,"footnotes":""},"categories":[423],"tags":[],"class_list":["post-13834","post","type-post","status-publish","format-standard","has-post-thumbnail","hentry","category-eventos"],"acf":[],"yoast_head":"<!-- This site is optimized with the Yoast SEO plugin v24.4 - https:\/\/yoast.com\/wordpress\/plugins\/seo\/ -->\n<title>D\u00eda del Pianoen el Barbican en Londres - FEURICH<\/title>\n<meta name=\"description\" content=\"El &quot;Barbican Center&quot; celebr\u00f3 el d\u00eda del Piano el 29 de marzo del 2017: 6 pianistas tocaron al tiempo en 6 pianos de cola modelo FEURICH 179 - Dynamic II.\" \/>\n<meta name=\"robots\" content=\"index, follow, max-snippet:-1, max-image-preview:large, max-video-preview:-1\" \/>\n<link rel=\"canonical\" href=\"https:\/\/feurich.com\/es\/dia-del-pianoen-el-barbican-en-londres\/\" \/>\n<meta property=\"og:locale\" content=\"es_ES\" \/>\n<meta property=\"og:type\" content=\"article\" \/>\n<meta property=\"og:title\" content=\"D\u00eda del Pianoen el Barbican en Londres - FEURICH\" \/>\n<meta property=\"og:description\" content=\"El &quot;Barbican Center&quot; celebr\u00f3 el d\u00eda del Piano el 29 de marzo del 2017: 6 pianistas tocaron al tiempo en 6 pianos de cola modelo FEURICH 179 - Dynamic II.\" \/>\n<meta property=\"og:url\" content=\"https:\/\/feurich.com\/es\/dia-del-pianoen-el-barbican-en-londres\/\" \/>\n<meta property=\"og:site_name\" content=\"FEURICH\" \/>\n<meta property=\"article:publisher\" content=\"https:\/\/www.facebook.com\/feurichvienna\/\" \/>\n<meta property=\"article:published_time\" content=\"2018-04-01T15:03:11+00:00\" \/>\n<meta property=\"article:modified_time\" content=\"2018-04-01T15:03:12+00:00\" \/>\n<meta property=\"og:image\" content=\"https:\/\/feurich.com\/wp-content\/uploads\/Barbican-Piano-Day-2017.jpg\" \/>\n\t<meta property=\"og:image:width\" content=\"360\" \/>\n\t<meta property=\"og:image:height\" content=\"260\" \/>\n\t<meta property=\"og:image:type\" content=\"image\/jpeg\" \/>\n<meta name=\"author\" content=\"inge\" \/>\n<meta name=\"twitter:card\" content=\"summary_large_image\" \/>\n<meta name=\"twitter:label1\" content=\"Escrito por\" \/>\n\t<meta name=\"twitter:data1\" content=\"inge\" \/>\n<script type=\"application\/ld+json\" class=\"yoast-schema-graph\">{\"@context\":\"https:\/\/schema.org\",\"@graph\":[{\"@type\":\"Article\",\"@id\":\"https:\/\/feurich.com\/es\/dia-del-pianoen-el-barbican-en-londres\/#article\",\"isPartOf\":{\"@id\":\"https:\/\/feurich.com\/es\/dia-del-pianoen-el-barbican-en-londres\/\"},\"author\":{\"name\":\"inge\",\"@id\":\"https:\/\/feurich.com\/en\/#\/schema\/person\/81e0ed9ac975c3a014a17525ddcdc993\"},\"headline\":\"D\u00eda del Pianoen el Barbican en Londres\",\"datePublished\":\"2018-04-01T15:03:11+00:00\",\"dateModified\":\"2018-04-01T15:03:12+00:00\",\"mainEntityOfPage\":{\"@id\":\"https:\/\/feurich.com\/es\/dia-del-pianoen-el-barbican-en-londres\/\"},\"wordCount\":106,\"publisher\":{\"@id\":\"https:\/\/feurich.com\/en\/#organization\"},\"image\":{\"@id\":\"https:\/\/feurich.com\/es\/dia-del-pianoen-el-barbican-en-londres\/#primaryimage\"},\"thumbnailUrl\":\"https:\/\/feurich.com\/wp-content\/uploads\/Barbican-Piano-Day-2017.jpg\",\"articleSection\":[\"Eventos\"],\"inLanguage\":\"es\"},{\"@type\":\"WebPage\",\"@id\":\"https:\/\/feurich.com\/es\/dia-del-pianoen-el-barbican-en-londres\/\",\"url\":\"https:\/\/feurich.com\/es\/dia-del-pianoen-el-barbican-en-londres\/\",\"name\":\"D\u00eda del Pianoen el Barbican en Londres - FEURICH\",\"isPartOf\":{\"@id\":\"https:\/\/feurich.com\/en\/#website\"},\"primaryImageOfPage\":{\"@id\":\"https:\/\/feurich.com\/es\/dia-del-pianoen-el-barbican-en-londres\/#primaryimage\"},\"image\":{\"@id\":\"https:\/\/feurich.com\/es\/dia-del-pianoen-el-barbican-en-londres\/#primaryimage\"},\"thumbnailUrl\":\"https:\/\/feurich.com\/wp-content\/uploads\/Barbican-Piano-Day-2017.jpg\",\"datePublished\":\"2018-04-01T15:03:11+00:00\",\"dateModified\":\"2018-04-01T15:03:12+00:00\",\"description\":\"El \\\"Barbican Center\\\" celebr\u00f3 el d\u00eda del Piano el 29 de marzo del 2017: 6 pianistas tocaron al tiempo en 6 pianos de cola modelo FEURICH 179 - Dynamic II.\",\"breadcrumb\":{\"@id\":\"https:\/\/feurich.com\/es\/dia-del-pianoen-el-barbican-en-londres\/#breadcrumb\"},\"inLanguage\":\"es\",\"potentialAction\":[{\"@type\":\"ReadAction\",\"target\":[\"https:\/\/feurich.com\/es\/dia-del-pianoen-el-barbican-en-londres\/\"]}]},{\"@type\":\"ImageObject\",\"inLanguage\":\"es\",\"@id\":\"https:\/\/feurich.com\/es\/dia-del-pianoen-el-barbican-en-londres\/#primaryimage\",\"url\":\"https:\/\/feurich.com\/wp-content\/uploads\/Barbican-Piano-Day-2017.jpg\",\"contentUrl\":\"https:\/\/feurich.com\/wp-content\/uploads\/Barbican-Piano-Day-2017.jpg\",\"width\":360,\"height\":260,\"caption\":\"Piano Day 2017 at the Barbican, London\"},{\"@type\":\"BreadcrumbList\",\"@id\":\"https:\/\/feurich.com\/es\/dia-del-pianoen-el-barbican-en-londres\/#breadcrumb\",\"itemListElement\":[{\"@type\":\"ListItem\",\"position\":1,\"name\":\"Home\",\"item\":\"https:\/\/feurich.com\/es\/\"},{\"@type\":\"ListItem\",\"position\":2,\"name\":\"D\u00eda del Pianoen el Barbican en Londres\"}]},{\"@type\":\"WebSite\",\"@id\":\"https:\/\/feurich.com\/en\/#website\",\"url\":\"https:\/\/feurich.com\/en\/\",\"name\":\"FEURICH\",\"description\":\"A sound that connects\",\"publisher\":{\"@id\":\"https:\/\/feurich.com\/en\/#organization\"},\"potentialAction\":[{\"@type\":\"SearchAction\",\"target\":{\"@type\":\"EntryPoint\",\"urlTemplate\":\"https:\/\/feurich.com\/en\/?s={search_term_string}\"},\"query-input\":{\"@type\":\"PropertyValueSpecification\",\"valueRequired\":true,\"valueName\":\"search_term_string\"}}],\"inLanguage\":\"es\"},{\"@type\":\"Organization\",\"@id\":\"https:\/\/feurich.com\/en\/#organization\",\"name\":\"FEURICH\",\"url\":\"https:\/\/feurich.com\/en\/\",\"logo\":{\"@type\":\"ImageObject\",\"inLanguage\":\"es\",\"@id\":\"https:\/\/feurich.com\/en\/#\/schema\/logo\/image\/\",\"url\":\"https:\/\/feurich.com\/wp-content\/uploads\/logo.png\",\"contentUrl\":\"https:\/\/feurich.com\/wp-content\/uploads\/logo.png\",\"width\":354,\"height\":151,\"caption\":\"FEURICH\"},\"image\":{\"@id\":\"https:\/\/feurich.com\/en\/#\/schema\/logo\/image\/\"},\"sameAs\":[\"https:\/\/www.facebook.com\/feurichvienna\/\"]},{\"@type\":\"Person\",\"@id\":\"https:\/\/feurich.com\/en\/#\/schema\/person\/81e0ed9ac975c3a014a17525ddcdc993\",\"name\":\"inge\",\"image\":{\"@type\":\"ImageObject\",\"inLanguage\":\"es\",\"@id\":\"https:\/\/feurich.com\/en\/#\/schema\/person\/image\/\",\"url\":\"https:\/\/secure.gravatar.com\/avatar\/766939ba5751f37e0e2c2b9117488cf2?s=96&d=mm&r=g\",\"contentUrl\":\"https:\/\/secure.gravatar.com\/avatar\/766939ba5751f37e0e2c2b9117488cf2?s=96&d=mm&r=g\",\"caption\":\"inge\"},\"url\":\"https:\/\/feurich.com\/es\/author\/inge\/\"}]}<\/script>\n<!-- \/ Yoast SEO plugin. -->","yoast_head_json":{"title":"D\u00eda del Pianoen el Barbican en Londres - FEURICH","description":"El \"Barbican Center\" celebr\u00f3 el d\u00eda del Piano el 29 de marzo del 2017: 6 pianistas tocaron al tiempo en 6 pianos de cola modelo FEURICH 179 - Dynamic II.","robots":{"index":"index","follow":"follow","max-snippet":"max-snippet:-1","max-image-preview":"max-image-preview:large","max-video-preview":"max-video-preview:-1"},"canonical":"https:\/\/feurich.com\/es\/dia-del-pianoen-el-barbican-en-londres\/","og_locale":"es_ES","og_type":"article","og_title":"D\u00eda del Pianoen el Barbican en Londres - FEURICH","og_description":"El \"Barbican Center\" celebr\u00f3 el d\u00eda del Piano el 29 de marzo del 2017: 6 pianistas tocaron al tiempo en 6 pianos de cola modelo FEURICH 179 - Dynamic II.","og_url":"https:\/\/feurich.com\/es\/dia-del-pianoen-el-barbican-en-londres\/","og_site_name":"FEURICH","article_publisher":"https:\/\/www.facebook.com\/feurichvienna\/","article_published_time":"2018-04-01T15:03:11+00:00","article_modified_time":"2018-04-01T15:03:12+00:00","og_image":[{"width":360,"height":260,"url":"https:\/\/feurich.com\/wp-content\/uploads\/Barbican-Piano-Day-2017.jpg","type":"image\/jpeg"}],"author":"inge","twitter_card":"summary_large_image","twitter_misc":{"Escrito por":"inge"},"schema":{"@context":"https:\/\/schema.org","@graph":[{"@type":"Article","@id":"https:\/\/feurich.com\/es\/dia-del-pianoen-el-barbican-en-londres\/#article","isPartOf":{"@id":"https:\/\/feurich.com\/es\/dia-del-pianoen-el-barbican-en-londres\/"},"author":{"name":"inge","@id":"https:\/\/feurich.com\/en\/#\/schema\/person\/81e0ed9ac975c3a014a17525ddcdc993"},"headline":"D\u00eda del Pianoen el Barbican en Londres","datePublished":"2018-04-01T15:03:11+00:00","dateModified":"2018-04-01T15:03:12+00:00","mainEntityOfPage":{"@id":"https:\/\/feurich.com\/es\/dia-del-pianoen-el-barbican-en-londres\/"},"wordCount":106,"publisher":{"@id":"https:\/\/feurich.com\/en\/#organization"},"image":{"@id":"https:\/\/feurich.com\/es\/dia-del-pianoen-el-barbican-en-londres\/#primaryimage"},"thumbnailUrl":"https:\/\/feurich.com\/wp-content\/uploads\/Barbican-Piano-Day-2017.jpg","articleSection":["Eventos"],"inLanguage":"es"},{"@type":"WebPage","@id":"https:\/\/feurich.com\/es\/dia-del-pianoen-el-barbican-en-londres\/","url":"https:\/\/feurich.com\/es\/dia-del-pianoen-el-barbican-en-londres\/","name":"D\u00eda del Pianoen el Barbican en Londres - FEURICH","isPartOf":{"@id":"https:\/\/feurich.com\/en\/#website"},"primaryImageOfPage":{"@id":"https:\/\/feurich.com\/es\/dia-del-pianoen-el-barbican-en-londres\/#primaryimage"},"image":{"@id":"https:\/\/feurich.com\/es\/dia-del-pianoen-el-barbican-en-londres\/#primaryimage"},"thumbnailUrl":"https:\/\/feurich.com\/wp-content\/uploads\/Barbican-Piano-Day-2017.jpg","datePublished":"2018-04-01T15:03:11+00:00","dateModified":"2018-04-01T15:03:12+00:00","description":"El \"Barbican Center\" celebr\u00f3 el d\u00eda del Piano el 29 de marzo del 2017: 6 pianistas tocaron al tiempo en 6 pianos de cola modelo FEURICH 179 - Dynamic II.","breadcrumb":{"@id":"https:\/\/feurich.com\/es\/dia-del-pianoen-el-barbican-en-londres\/#breadcrumb"},"inLanguage":"es","potentialAction":[{"@type":"ReadAction","target":["https:\/\/feurich.com\/es\/dia-del-pianoen-el-barbican-en-londres\/"]}]},{"@type":"ImageObject","inLanguage":"es","@id":"https:\/\/feurich.com\/es\/dia-del-pianoen-el-barbican-en-londres\/#primaryimage","url":"https:\/\/feurich.com\/wp-content\/uploads\/Barbican-Piano-Day-2017.jpg","contentUrl":"https:\/\/feurich.com\/wp-content\/uploads\/Barbican-Piano-Day-2017.jpg","width":360,"height":260,"caption":"Piano Day 2017 at the Barbican, London"},{"@type":"BreadcrumbList","@id":"https:\/\/feurich.com\/es\/dia-del-pianoen-el-barbican-en-londres\/#breadcrumb","itemListElement":[{"@type":"ListItem","position":1,"name":"Home","item":"https:\/\/feurich.com\/es\/"},{"@type":"ListItem","position":2,"name":"D\u00eda del Pianoen el Barbican en Londres"}]},{"@type":"WebSite","@id":"https:\/\/feurich.com\/en\/#website","url":"https:\/\/feurich.com\/en\/","name":"FEURICH","description":"A sound that connects","publisher":{"@id":"https:\/\/feurich.com\/en\/#organization"},"potentialAction":[{"@type":"SearchAction","target":{"@type":"EntryPoint","urlTemplate":"https:\/\/feurich.com\/en\/?s={search_term_string}"},"query-input":{"@type":"PropertyValueSpecification","valueRequired":true,"valueName":"search_term_string"}}],"inLanguage":"es"},{"@type":"Organization","@id":"https:\/\/feurich.com\/en\/#organization","name":"FEURICH","url":"https:\/\/feurich.com\/en\/","logo":{"@type":"ImageObject","inLanguage":"es","@id":"https:\/\/feurich.com\/en\/#\/schema\/logo\/image\/","url":"https:\/\/feurich.com\/wp-content\/uploads\/logo.png","contentUrl":"https:\/\/feurich.com\/wp-content\/uploads\/logo.png","width":354,"height":151,"caption":"FEURICH"},"image":{"@id":"https:\/\/feurich.com\/en\/#\/schema\/logo\/image\/"},"sameAs":["https:\/\/www.facebook.com\/feurichvienna\/"]},{"@type":"Person","@id":"https:\/\/feurich.com\/en\/#\/schema\/person\/81e0ed9ac975c3a014a17525ddcdc993","name":"inge","image":{"@type":"ImageObject","inLanguage":"es","@id":"https:\/\/feurich.com\/en\/#\/schema\/person\/image\/","url":"https:\/\/secure.gravatar.com\/avatar\/766939ba5751f37e0e2c2b9117488cf2?s=96&d=mm&r=g","contentUrl":"https:\/\/secure.gravatar.com\/avatar\/766939ba5751f37e0e2c2b9117488cf2?s=96&d=mm&r=g","caption":"inge"},"url":"https:\/\/feurich.com\/es\/author\/inge\/"}]}},"_links":{"self":[{"href":"https:\/\/feurich.com\/es\/wp-json\/wp\/v2\/posts\/13834","targetHints":{"allow":["GET"]}}],"collection":[{"href":"https:\/\/feurich.com\/es\/wp-json\/wp\/v2\/posts"}],"about":[{"href":"https:\/\/feurich.com\/es\/wp-json\/wp\/v2\/types\/post"}],"author":[{"embeddable":true,"href":"https:\/\/feurich.com\/es\/wp-json\/wp\/v2\/users\/7"}],"replies":[{"embeddable":true,"href":"https:\/\/feurich.com\/es\/wp-json\/wp\/v2\/comments?post=13834"}],"version-history":[{"count":1,"href":"https:\/\/feurich.com\/es\/wp-json\/wp\/v2\/posts\/13834\/revisions"}],"predecessor-version":[{"id":13835,"href":"https:\/\/feurich.com\/es\/wp-json\/wp\/v2\/posts\/13834\/revisions\/13835"}],"wp:featuredmedia":[{"embeddable":true,"href":"https:\/\/feurich.com\/es\/wp-json\/wp\/v2\/media\/11092"}],"wp:attachment":[{"href":"https:\/\/feurich.com\/es\/wp-json\/wp\/v2\/media?parent=13834"}],"wp:term":[{"taxonomy":"category","embeddable":true,"href":"https:\/\/feurich.com\/es\/wp-json\/wp\/v2\/categories?post=13834"},{"taxonomy":"post_tag","embeddable":true,"href":"https:\/\/feurich.com\/es\/wp-json\/wp\/v2\/tags?post=13834"}],"curies":[{"name":"wp","href":"https:\/\/api.w.org\/{rel}","templated":true}]}}