{"id":13802,"date":"2018-03-31T11:52:51","date_gmt":"2018-03-31T11:52:51","guid":{"rendered":"https:\/\/www.feurich.com\/ina-regen\/"},"modified":"2018-03-31T11:52:57","modified_gmt":"2018-03-31T11:52:57","slug":"ina-regen","status":"publish","type":"post","link":"https:\/\/feurich.com\/es\/ina-regen\/","title":{"rendered":"Ina Regen"},"content":{"rendered":"<div class=\"wpb-content-wrapper\"><p>[vc_row][vc_column width=\u00bb1\/3&#8243;][vc_column_text]<div class=\"wpb_video_widget wpb_content_element  vc_clearfix vc_video-aspect-ratio-43 vc_video-el-width-100 vc_video-align-left\"><div class=\"wpb_wrapper\"><div class=\"wpb_video_wrapper\"><div class=\"fluid-width-video-wrapper\"><iframe src=\"https:\/\/www.youtube.com\/embed\/S8urkn_a2go?feature=oembed\" frameborder=\"0\" gesture=\"media\" allow=\"encrypted-media\" allowfullscreen=\"\" class=\"vid-youtube\"><\/iframe><\/div><\/div><\/div><\/div>[\/vc_column_text][\/vc_column][vc_column width=\u00bb2\/3&#8243;][vc_column_text]Ina Regen es de Alta Austria, ha estado activa en la escena musical vienesa durante a\u00f1os, actuando con estrellas locales como Marianne Mendt, Norbert Schneider, \u00abThe Makemakes\u00bb, la \u00abDancing Stars Orchester\u00bb, Natalia Kelly, Lylit y Conchita Wurst.<\/p>\n<p>&nbsp;<\/p>\n<p><span style=\"font-size: 14pt\">Recientemente present\u00f3 su primer proyecto en solitario, que la devuelve a sus ra\u00edces. Con la balada \u00edntima de piano \u00abWia a Kind\u00bb (Como un ni\u00f1o), inmediatamente hizo un gran avance en las listas de \u00e9xitos de Austria.<\/span><\/p>\n<p>&nbsp;<\/p>\n<p>La canci\u00f3n fue grabada y publicada por <a href=\"http:\/\/www.echopilot.at\/\" target=\"_blank\" rel=\"noopener\">ECHOPILOT<\/a>. El genio detr\u00e1s del proyecto fue Florian Cojocaru. En la versi\u00f3n de estudio y en el video musical, el piano en uso es un FEURICH 179 &#8211; Dynamic II. En la realizaci\u00f3n del video, en la \u00abOttakringer Brewery\u00bb de Viena, puede ver algunos clips del piano en uso. (Fotos \u00a9 Andr\u00e9 Karsai)<\/p>\n<p>Despu\u00e9s de esto, <a href=\"https:\/\/www.facebook.com\/One-take-sessions-1985830478320626\/\" target=\"_blank\" rel=\"noopener\">One Take Sessions<\/a>, muestra un maravilloso proyecto de m\u00fasica de Facebook de Linz, en el cual el modelo FEURICH <a href=\"https:\/\/www.feurich.com\/es\/productos\/vienna-pianos\/\">123 \u2013 Vienna<\/a> tiene una gran presencia.<\/p>\n<p>Durante \u00abOne Take Sessions\u00bb, Ina Regen se enamor\u00f3 de nuestro piano de Viena, pero \u00a1esc\u00fachelo y v\u00e9alo usted mismo![\/vc_column_text][\/vc_column][\/vc_row][vc_row][vc_column][vc_empty_space height=\u00bb20px\u00bb][\/vc_column][\/vc_row][vc_row][vc_column][vc_gallery interval=\u00bb3&#8243; images=\u00bb4730,4724,4718,4712,4706,4736&#8243;][vc_empty_space height=\u00bb20px\u00bb][\/vc_column][\/vc_row]<\/p>\n<\/div>","protected":false},"excerpt":{"rendered":"<p>En su primer proyecto en solitario \u00abWia a Kind\u00bb (Como un ni\u00f1o), Ina Regen toca un piano de cola FEURICH y logra un gran avance en las listas de \u00e9xitos de Austria.<\/p>\n","protected":false},"author":7,"featured_media":13803,"comment_status":"closed","ping_status":"closed","sticky":false,"template":"","format":"standard","meta":{"inline_featured_image":false,"footnotes":""},"categories":[42],"tags":[439,424,440,443],"class_list":["post-13802","post","type-post","status-publish","format-standard","has-post-thumbnail","hentry","category-testimonials","tag-artistas-feurich","tag-feurich-es","tag-ina-regen-es","tag-one-take-sessions-es"],"acf":[],"yoast_head":"<!-- This site is optimized with the Yoast SEO plugin v24.4 - https:\/\/yoast.com\/wordpress\/plugins\/seo\/ -->\n<title>Ina Regen - FEURICH<\/title>\n<meta name=\"description\" content=\"En su primer proyecto en solitario &quot;Wia a Kind&quot; (Como un ni\u00f1o), Ina Regen toca un piano de cola FEURICH y logra un gran avance en las listas de \u00e9xitos de Austria.\" \/>\n<meta name=\"robots\" content=\"index, follow, max-snippet:-1, max-image-preview:large, max-video-preview:-1\" \/>\n<link rel=\"canonical\" href=\"https:\/\/feurich.com\/de\/ina-regen-wia-a-kind\/\" \/>\n<meta property=\"og:locale\" content=\"es_ES\" \/>\n<meta property=\"og:type\" content=\"article\" \/>\n<meta property=\"og:title\" content=\"Ina Regen - FEURICH\" \/>\n<meta property=\"og:description\" content=\"En su primer proyecto en solitario &quot;Wia a Kind&quot; (Como un ni\u00f1o), Ina Regen toca un piano de cola FEURICH y logra un gran avance en las listas de \u00e9xitos de Austria.\" \/>\n<meta property=\"og:url\" content=\"https:\/\/feurich.com\/de\/ina-regen-wia-a-kind\/\" \/>\n<meta property=\"og:site_name\" content=\"FEURICH\" \/>\n<meta property=\"article:publisher\" content=\"https:\/\/www.facebook.com\/feurichvienna\/\" \/>\n<meta property=\"article:published_time\" content=\"2018-03-31T11:52:51+00:00\" \/>\n<meta property=\"article:modified_time\" content=\"2018-03-31T11:52:57+00:00\" \/>\n<meta property=\"og:image\" content=\"https:\/\/feurich.com\/wp-content\/uploads\/Ina-Regen-Video-Ottakringer-Brauerei.jpg\" \/>\n\t<meta property=\"og:image:width\" content=\"720\" \/>\n\t<meta property=\"og:image:height\" content=\"520\" \/>\n\t<meta property=\"og:image:type\" content=\"image\/jpeg\" \/>\n<meta name=\"author\" content=\"inge\" \/>\n<meta name=\"twitter:card\" content=\"summary_large_image\" \/>\n<meta name=\"twitter:label1\" content=\"Escrito por\" \/>\n\t<meta name=\"twitter:data1\" content=\"inge\" \/>\n\t<meta name=\"twitter:label2\" content=\"Tiempo de lectura\" \/>\n\t<meta name=\"twitter:data2\" content=\"1 minuto\" \/>\n<script type=\"application\/ld+json\" class=\"yoast-schema-graph\">{\"@context\":\"https:\/\/schema.org\",\"@graph\":[{\"@type\":\"Article\",\"@id\":\"https:\/\/feurich.com\/de\/ina-regen-wia-a-kind\/#article\",\"isPartOf\":{\"@id\":\"https:\/\/feurich.com\/de\/ina-regen-wia-a-kind\/\"},\"author\":{\"name\":\"inge\",\"@id\":\"https:\/\/feurich.com\/en\/#\/schema\/person\/81e0ed9ac975c3a014a17525ddcdc993\"},\"headline\":\"Ina Regen\",\"datePublished\":\"2018-03-31T11:52:51+00:00\",\"dateModified\":\"2018-03-31T11:52:57+00:00\",\"mainEntityOfPage\":{\"@id\":\"https:\/\/feurich.com\/de\/ina-regen-wia-a-kind\/\"},\"wordCount\":258,\"publisher\":{\"@id\":\"https:\/\/feurich.com\/en\/#organization\"},\"image\":{\"@id\":\"https:\/\/feurich.com\/de\/ina-regen-wia-a-kind\/#primaryimage\"},\"thumbnailUrl\":\"https:\/\/feurich.com\/wp-content\/uploads\/Ina-Regen-Video-Ottakringer-Brauerei.jpg\",\"keywords\":[\"Artistas FEURICH\",\"FEURICH\",\"Ina Regen\",\"One Take Sessions\"],\"articleSection\":[\"Testimonials\"],\"inLanguage\":\"es\"},{\"@type\":\"WebPage\",\"@id\":\"https:\/\/feurich.com\/de\/ina-regen-wia-a-kind\/\",\"url\":\"https:\/\/feurich.com\/de\/ina-regen-wia-a-kind\/\",\"name\":\"Ina Regen - FEURICH\",\"isPartOf\":{\"@id\":\"https:\/\/feurich.com\/en\/#website\"},\"primaryImageOfPage\":{\"@id\":\"https:\/\/feurich.com\/de\/ina-regen-wia-a-kind\/#primaryimage\"},\"image\":{\"@id\":\"https:\/\/feurich.com\/de\/ina-regen-wia-a-kind\/#primaryimage\"},\"thumbnailUrl\":\"https:\/\/feurich.com\/wp-content\/uploads\/Ina-Regen-Video-Ottakringer-Brauerei.jpg\",\"datePublished\":\"2018-03-31T11:52:51+00:00\",\"dateModified\":\"2018-03-31T11:52:57+00:00\",\"description\":\"En su primer proyecto en solitario \\\"Wia a Kind\\\" (Como un ni\u00f1o), Ina Regen toca un piano de cola FEURICH y logra un gran avance en las listas de \u00e9xitos de Austria.\",\"breadcrumb\":{\"@id\":\"https:\/\/feurich.com\/de\/ina-regen-wia-a-kind\/#breadcrumb\"},\"inLanguage\":\"es\",\"potentialAction\":[{\"@type\":\"ReadAction\",\"target\":[\"https:\/\/feurich.com\/de\/ina-regen-wia-a-kind\/\"]}]},{\"@type\":\"ImageObject\",\"inLanguage\":\"es\",\"@id\":\"https:\/\/feurich.com\/de\/ina-regen-wia-a-kind\/#primaryimage\",\"url\":\"https:\/\/feurich.com\/wp-content\/uploads\/Ina-Regen-Video-Ottakringer-Brauerei.jpg\",\"contentUrl\":\"https:\/\/feurich.com\/wp-content\/uploads\/Ina-Regen-Video-Ottakringer-Brauerei.jpg\",\"width\":720,\"height\":520,\"caption\":\"Ina Regen Video Ottakringer Brauerei\"},{\"@type\":\"BreadcrumbList\",\"@id\":\"https:\/\/feurich.com\/de\/ina-regen-wia-a-kind\/#breadcrumb\",\"itemListElement\":[{\"@type\":\"ListItem\",\"position\":1,\"name\":\"Home\",\"item\":\"https:\/\/feurich.com\/es\/\"},{\"@type\":\"ListItem\",\"position\":2,\"name\":\"Ina Regen\"}]},{\"@type\":\"WebSite\",\"@id\":\"https:\/\/feurich.com\/en\/#website\",\"url\":\"https:\/\/feurich.com\/en\/\",\"name\":\"FEURICH\",\"description\":\"A sound that connects\",\"publisher\":{\"@id\":\"https:\/\/feurich.com\/en\/#organization\"},\"potentialAction\":[{\"@type\":\"SearchAction\",\"target\":{\"@type\":\"EntryPoint\",\"urlTemplate\":\"https:\/\/feurich.com\/en\/?s={search_term_string}\"},\"query-input\":{\"@type\":\"PropertyValueSpecification\",\"valueRequired\":true,\"valueName\":\"search_term_string\"}}],\"inLanguage\":\"es\"},{\"@type\":\"Organization\",\"@id\":\"https:\/\/feurich.com\/en\/#organization\",\"name\":\"FEURICH\",\"url\":\"https:\/\/feurich.com\/en\/\",\"logo\":{\"@type\":\"ImageObject\",\"inLanguage\":\"es\",\"@id\":\"https:\/\/feurich.com\/en\/#\/schema\/logo\/image\/\",\"url\":\"https:\/\/feurich.com\/wp-content\/uploads\/logo.png\",\"contentUrl\":\"https:\/\/feurich.com\/wp-content\/uploads\/logo.png\",\"width\":354,\"height\":151,\"caption\":\"FEURICH\"},\"image\":{\"@id\":\"https:\/\/feurich.com\/en\/#\/schema\/logo\/image\/\"},\"sameAs\":[\"https:\/\/www.facebook.com\/feurichvienna\/\"]},{\"@type\":\"Person\",\"@id\":\"https:\/\/feurich.com\/en\/#\/schema\/person\/81e0ed9ac975c3a014a17525ddcdc993\",\"name\":\"inge\",\"image\":{\"@type\":\"ImageObject\",\"inLanguage\":\"es\",\"@id\":\"https:\/\/feurich.com\/en\/#\/schema\/person\/image\/\",\"url\":\"https:\/\/secure.gravatar.com\/avatar\/766939ba5751f37e0e2c2b9117488cf2?s=96&d=mm&r=g\",\"contentUrl\":\"https:\/\/secure.gravatar.com\/avatar\/766939ba5751f37e0e2c2b9117488cf2?s=96&d=mm&r=g\",\"caption\":\"inge\"},\"url\":\"https:\/\/feurich.com\/es\/author\/inge\/\"}]}<\/script>\n<!-- \/ Yoast SEO plugin. -->","yoast_head_json":{"title":"Ina Regen - FEURICH","description":"En su primer proyecto en solitario \"Wia a Kind\" (Como un ni\u00f1o), Ina Regen toca un piano de cola FEURICH y logra un gran avance en las listas de \u00e9xitos de Austria.","robots":{"index":"index","follow":"follow","max-snippet":"max-snippet:-1","max-image-preview":"max-image-preview:large","max-video-preview":"max-video-preview:-1"},"canonical":"https:\/\/feurich.com\/de\/ina-regen-wia-a-kind\/","og_locale":"es_ES","og_type":"article","og_title":"Ina Regen - FEURICH","og_description":"En su primer proyecto en solitario \"Wia a Kind\" (Como un ni\u00f1o), Ina Regen toca un piano de cola FEURICH y logra un gran avance en las listas de \u00e9xitos de Austria.","og_url":"https:\/\/feurich.com\/de\/ina-regen-wia-a-kind\/","og_site_name":"FEURICH","article_publisher":"https:\/\/www.facebook.com\/feurichvienna\/","article_published_time":"2018-03-31T11:52:51+00:00","article_modified_time":"2018-03-31T11:52:57+00:00","og_image":[{"width":720,"height":520,"url":"https:\/\/feurich.com\/wp-content\/uploads\/Ina-Regen-Video-Ottakringer-Brauerei.jpg","type":"image\/jpeg"}],"author":"inge","twitter_card":"summary_large_image","twitter_misc":{"Escrito por":"inge","Tiempo de lectura":"1 minuto"},"schema":{"@context":"https:\/\/schema.org","@graph":[{"@type":"Article","@id":"https:\/\/feurich.com\/de\/ina-regen-wia-a-kind\/#article","isPartOf":{"@id":"https:\/\/feurich.com\/de\/ina-regen-wia-a-kind\/"},"author":{"name":"inge","@id":"https:\/\/feurich.com\/en\/#\/schema\/person\/81e0ed9ac975c3a014a17525ddcdc993"},"headline":"Ina Regen","datePublished":"2018-03-31T11:52:51+00:00","dateModified":"2018-03-31T11:52:57+00:00","mainEntityOfPage":{"@id":"https:\/\/feurich.com\/de\/ina-regen-wia-a-kind\/"},"wordCount":258,"publisher":{"@id":"https:\/\/feurich.com\/en\/#organization"},"image":{"@id":"https:\/\/feurich.com\/de\/ina-regen-wia-a-kind\/#primaryimage"},"thumbnailUrl":"https:\/\/feurich.com\/wp-content\/uploads\/Ina-Regen-Video-Ottakringer-Brauerei.jpg","keywords":["Artistas FEURICH","FEURICH","Ina Regen","One Take Sessions"],"articleSection":["Testimonials"],"inLanguage":"es"},{"@type":"WebPage","@id":"https:\/\/feurich.com\/de\/ina-regen-wia-a-kind\/","url":"https:\/\/feurich.com\/de\/ina-regen-wia-a-kind\/","name":"Ina Regen - FEURICH","isPartOf":{"@id":"https:\/\/feurich.com\/en\/#website"},"primaryImageOfPage":{"@id":"https:\/\/feurich.com\/de\/ina-regen-wia-a-kind\/#primaryimage"},"image":{"@id":"https:\/\/feurich.com\/de\/ina-regen-wia-a-kind\/#primaryimage"},"thumbnailUrl":"https:\/\/feurich.com\/wp-content\/uploads\/Ina-Regen-Video-Ottakringer-Brauerei.jpg","datePublished":"2018-03-31T11:52:51+00:00","dateModified":"2018-03-31T11:52:57+00:00","description":"En su primer proyecto en solitario \"Wia a Kind\" (Como un ni\u00f1o), Ina Regen toca un piano de cola FEURICH y logra un gran avance en las listas de \u00e9xitos de Austria.","breadcrumb":{"@id":"https:\/\/feurich.com\/de\/ina-regen-wia-a-kind\/#breadcrumb"},"inLanguage":"es","potentialAction":[{"@type":"ReadAction","target":["https:\/\/feurich.com\/de\/ina-regen-wia-a-kind\/"]}]},{"@type":"ImageObject","inLanguage":"es","@id":"https:\/\/feurich.com\/de\/ina-regen-wia-a-kind\/#primaryimage","url":"https:\/\/feurich.com\/wp-content\/uploads\/Ina-Regen-Video-Ottakringer-Brauerei.jpg","contentUrl":"https:\/\/feurich.com\/wp-content\/uploads\/Ina-Regen-Video-Ottakringer-Brauerei.jpg","width":720,"height":520,"caption":"Ina Regen Video Ottakringer Brauerei"},{"@type":"BreadcrumbList","@id":"https:\/\/feurich.com\/de\/ina-regen-wia-a-kind\/#breadcrumb","itemListElement":[{"@type":"ListItem","position":1,"name":"Home","item":"https:\/\/feurich.com\/es\/"},{"@type":"ListItem","position":2,"name":"Ina Regen"}]},{"@type":"WebSite","@id":"https:\/\/feurich.com\/en\/#website","url":"https:\/\/feurich.com\/en\/","name":"FEURICH","description":"A sound that connects","publisher":{"@id":"https:\/\/feurich.com\/en\/#organization"},"potentialAction":[{"@type":"SearchAction","target":{"@type":"EntryPoint","urlTemplate":"https:\/\/feurich.com\/en\/?s={search_term_string}"},"query-input":{"@type":"PropertyValueSpecification","valueRequired":true,"valueName":"search_term_string"}}],"inLanguage":"es"},{"@type":"Organization","@id":"https:\/\/feurich.com\/en\/#organization","name":"FEURICH","url":"https:\/\/feurich.com\/en\/","logo":{"@type":"ImageObject","inLanguage":"es","@id":"https:\/\/feurich.com\/en\/#\/schema\/logo\/image\/","url":"https:\/\/feurich.com\/wp-content\/uploads\/logo.png","contentUrl":"https:\/\/feurich.com\/wp-content\/uploads\/logo.png","width":354,"height":151,"caption":"FEURICH"},"image":{"@id":"https:\/\/feurich.com\/en\/#\/schema\/logo\/image\/"},"sameAs":["https:\/\/www.facebook.com\/feurichvienna\/"]},{"@type":"Person","@id":"https:\/\/feurich.com\/en\/#\/schema\/person\/81e0ed9ac975c3a014a17525ddcdc993","name":"inge","image":{"@type":"ImageObject","inLanguage":"es","@id":"https:\/\/feurich.com\/en\/#\/schema\/person\/image\/","url":"https:\/\/secure.gravatar.com\/avatar\/766939ba5751f37e0e2c2b9117488cf2?s=96&d=mm&r=g","contentUrl":"https:\/\/secure.gravatar.com\/avatar\/766939ba5751f37e0e2c2b9117488cf2?s=96&d=mm&r=g","caption":"inge"},"url":"https:\/\/feurich.com\/es\/author\/inge\/"}]}},"_links":{"self":[{"href":"https:\/\/feurich.com\/es\/wp-json\/wp\/v2\/posts\/13802","targetHints":{"allow":["GET"]}}],"collection":[{"href":"https:\/\/feurich.com\/es\/wp-json\/wp\/v2\/posts"}],"about":[{"href":"https:\/\/feurich.com\/es\/wp-json\/wp\/v2\/types\/post"}],"author":[{"embeddable":true,"href":"https:\/\/feurich.com\/es\/wp-json\/wp\/v2\/users\/7"}],"replies":[{"embeddable":true,"href":"https:\/\/feurich.com\/es\/wp-json\/wp\/v2\/comments?post=13802"}],"version-history":[{"count":3,"href":"https:\/\/feurich.com\/es\/wp-json\/wp\/v2\/posts\/13802\/revisions"}],"predecessor-version":[{"id":13806,"href":"https:\/\/feurich.com\/es\/wp-json\/wp\/v2\/posts\/13802\/revisions\/13806"}],"wp:featuredmedia":[{"embeddable":true,"href":"https:\/\/feurich.com\/es\/wp-json\/wp\/v2\/media\/13803"}],"wp:attachment":[{"href":"https:\/\/feurich.com\/es\/wp-json\/wp\/v2\/media?parent=13802"}],"wp:term":[{"taxonomy":"category","embeddable":true,"href":"https:\/\/feurich.com\/es\/wp-json\/wp\/v2\/categories?post=13802"},{"taxonomy":"post_tag","embeddable":true,"href":"https:\/\/feurich.com\/es\/wp-json\/wp\/v2\/tags?post=13802"}],"curies":[{"name":"wp","href":"https:\/\/api.w.org\/{rel}","templated":true}]}}