{"id":13607,"date":"2018-03-25T13:00:21","date_gmt":"2018-03-25T13:00:21","guid":{"rendered":"https:\/\/www.feurich.com\/axel-wolph\/"},"modified":"2018-03-25T13:01:02","modified_gmt":"2018-03-25T13:01:02","slug":"axel-wolph","status":"publish","type":"post","link":"https:\/\/feurich.com\/es\/axel-wolph\/","title":{"rendered":"Axel Wolph"},"content":{"rendered":"<div class=\"wpb-content-wrapper\"><p>[vc_row][vc_column width=\u00bb1\/3&#8243;][vc_column_text]<div class=\"wpb_video_widget wpb_content_element  vc_clearfix vc_video-aspect-ratio-43 vc_video-el-width-100 vc_video-align-left\"><div class=\"wpb_wrapper\"><div class=\"wpb_video_wrapper\"><div class=\"fluid-width-video-wrapper\"><iframe src=\"https:\/\/www.youtube.com\/embed\/_SPCwgSfItM?feature=oembed\" frameborder=\"0\" gesture=\"media\" allow=\"encrypted-media\" allowfullscreen=\"\" class=\"vid-youtube\"><\/iframe><\/div><\/div><\/div><\/div>[\/vc_column_text][\/vc_column][vc_column width=\u00bb2\/3&#8243;][vc_column_text]\u00bbMi inclinaci\u00f3n por los pianos verticales de concierto se confirm\u00f3 inmediatamente despu\u00e9s de tocar el FEURICH 133 por primera vez. El sonido equilibrado y ante todo multifac\u00e9tico del FEURICH 133 me ha impresionado a m\u00ed y a muchos otros m\u00fasicos que lo han tocado en mi estudio. Un piano con muchos colores diferentes \u00ab.<br \/>\n(Axel Wolph sobre el FEURICH <a href=\"https:\/\/www.feurich.com\/es\/productos\/classic-pianos\/piano-mod-133-concert\/\">133 \u2013 Concert<\/a>)<\/p>\n<p><a href=\"https:\/\/www.axelwolph.com\/\">Axel Wolph<\/a> es un m\u00fasico y productor musical austr\u00edaco que lleg\u00f3 a la ronda final del Eurovision Song Contest en el 2011. En el 2013, escribi\u00f3 el t\u00edtulo principal \u00abMy Lights\u00bb interpretado por Ben Sky (Petra Benovsky) para la campa\u00f1a de recaudaci\u00f3n de fondos de ORF \u00abLicht ins Dunkel\u00bb. En el 2014, la canci\u00f3n fue interpretada por Conchita Wurst, y en el 2015 por Madita.<\/p>\n<p>&nbsp;<\/p>\n<p><a href=\"https:\/\/www.feurich.com\/es\/referencias\/artistas\/\">&gt;&gt; regresar<\/a>[\/vc_column_text][\/vc_column][\/vc_row][vc_row][vc_column][vc_gallery interval=\u00bb3&#8243; images=\u00bb2000,1999,1998,1997,1996&#8243;][\/vc_column][\/vc_row]<\/p>\n<\/div>","protected":false},"excerpt":{"rendered":"<p>El sonido equilibrado y ante todo multifac\u00e9tico del FEURICH 133 me ha impresionado a m\u00ed y a muchos otros m\u00fasicos que lo han tocado en mi estudio.<\/p>\n","protected":false},"author":7,"featured_media":13608,"comment_status":"closed","ping_status":"closed","sticky":false,"template":"","format":"standard","meta":{"inline_featured_image":false,"footnotes":""},"categories":[42],"tags":[439,469,424,471,472],"class_list":["post-13607","post","type-post","status-publish","format-standard","has-post-thumbnail","hentry","category-testimonials","tag-artistas-feurich","tag-axel-wolph-es","tag-feurich-es","tag-my-lights-are-on-es","tag-piano-for-studio-es"],"acf":[],"yoast_head":"<!-- This site is optimized with the Yoast SEO plugin v24.4 - https:\/\/yoast.com\/wordpress\/plugins\/seo\/ -->\n<title>Axel Wolph - FEURICH<\/title>\n<meta name=\"description\" content=\"El sonido equilibrado y ante todo multifac\u00e9tico del FEURICH 133 me ha impresionado a m\u00ed y a muchos otros m\u00fasicos que lo han tocado en mi estudio.\" \/>\n<meta name=\"robots\" content=\"index, follow, max-snippet:-1, max-image-preview:large, max-video-preview:-1\" \/>\n<link rel=\"canonical\" href=\"https:\/\/feurich.com\/de\/axel-wolph\/\" \/>\n<meta property=\"og:locale\" content=\"es_ES\" \/>\n<meta property=\"og:type\" content=\"article\" \/>\n<meta property=\"og:title\" content=\"Axel Wolph - FEURICH\" \/>\n<meta property=\"og:description\" content=\"El sonido equilibrado y ante todo multifac\u00e9tico del FEURICH 133 me ha impresionado a m\u00ed y a muchos otros m\u00fasicos que lo han tocado en mi estudio.\" \/>\n<meta property=\"og:url\" content=\"https:\/\/feurich.com\/de\/axel-wolph\/\" \/>\n<meta property=\"og:site_name\" content=\"FEURICH\" \/>\n<meta property=\"article:publisher\" content=\"https:\/\/www.facebook.com\/feurichvienna\/\" \/>\n<meta property=\"article:published_time\" content=\"2018-03-25T13:00:21+00:00\" \/>\n<meta property=\"article:modified_time\" content=\"2018-03-25T13:01:02+00:00\" \/>\n<meta property=\"og:image\" content=\"https:\/\/feurich.com\/wp-content\/uploads\/Axel-Wolph-Portrait.jpg\" \/>\n\t<meta property=\"og:image:width\" content=\"1200\" \/>\n\t<meta property=\"og:image:height\" content=\"800\" \/>\n\t<meta property=\"og:image:type\" content=\"image\/jpeg\" \/>\n<meta name=\"author\" content=\"inge\" \/>\n<meta name=\"twitter:card\" content=\"summary_large_image\" \/>\n<meta name=\"twitter:label1\" content=\"Escrito por\" \/>\n\t<meta name=\"twitter:data1\" content=\"inge\" \/>\n\t<meta name=\"twitter:label2\" content=\"Tiempo de lectura\" \/>\n\t<meta name=\"twitter:data2\" content=\"1 minuto\" \/>\n<script type=\"application\/ld+json\" class=\"yoast-schema-graph\">{\"@context\":\"https:\/\/schema.org\",\"@graph\":[{\"@type\":\"Article\",\"@id\":\"https:\/\/feurich.com\/de\/axel-wolph\/#article\",\"isPartOf\":{\"@id\":\"https:\/\/feurich.com\/de\/axel-wolph\/\"},\"author\":{\"name\":\"inge\",\"@id\":\"https:\/\/feurich.com\/en\/#\/schema\/person\/81e0ed9ac975c3a014a17525ddcdc993\"},\"headline\":\"Axel Wolph\",\"datePublished\":\"2018-03-25T13:00:21+00:00\",\"dateModified\":\"2018-03-25T13:01:02+00:00\",\"mainEntityOfPage\":{\"@id\":\"https:\/\/feurich.com\/de\/axel-wolph\/\"},\"wordCount\":178,\"publisher\":{\"@id\":\"https:\/\/feurich.com\/en\/#organization\"},\"image\":{\"@id\":\"https:\/\/feurich.com\/de\/axel-wolph\/#primaryimage\"},\"thumbnailUrl\":\"https:\/\/feurich.com\/wp-content\/uploads\/Axel-Wolph-Portrait.jpg\",\"keywords\":[\"Artistas FEURICH\",\"Axel Wolph\",\"FEURICH\",\"My Lights Are On\",\"Piano for studio\"],\"articleSection\":[\"Testimonials\"],\"inLanguage\":\"es\"},{\"@type\":\"WebPage\",\"@id\":\"https:\/\/feurich.com\/de\/axel-wolph\/\",\"url\":\"https:\/\/feurich.com\/de\/axel-wolph\/\",\"name\":\"Axel Wolph - FEURICH\",\"isPartOf\":{\"@id\":\"https:\/\/feurich.com\/en\/#website\"},\"primaryImageOfPage\":{\"@id\":\"https:\/\/feurich.com\/de\/axel-wolph\/#primaryimage\"},\"image\":{\"@id\":\"https:\/\/feurich.com\/de\/axel-wolph\/#primaryimage\"},\"thumbnailUrl\":\"https:\/\/feurich.com\/wp-content\/uploads\/Axel-Wolph-Portrait.jpg\",\"datePublished\":\"2018-03-25T13:00:21+00:00\",\"dateModified\":\"2018-03-25T13:01:02+00:00\",\"description\":\"El sonido equilibrado y ante todo multifac\u00e9tico del FEURICH 133 me ha impresionado a m\u00ed y a muchos otros m\u00fasicos que lo han tocado en mi estudio.\",\"breadcrumb\":{\"@id\":\"https:\/\/feurich.com\/de\/axel-wolph\/#breadcrumb\"},\"inLanguage\":\"es\",\"potentialAction\":[{\"@type\":\"ReadAction\",\"target\":[\"https:\/\/feurich.com\/de\/axel-wolph\/\"]}]},{\"@type\":\"ImageObject\",\"inLanguage\":\"es\",\"@id\":\"https:\/\/feurich.com\/de\/axel-wolph\/#primaryimage\",\"url\":\"https:\/\/feurich.com\/wp-content\/uploads\/Axel-Wolph-Portrait.jpg\",\"contentUrl\":\"https:\/\/feurich.com\/wp-content\/uploads\/Axel-Wolph-Portrait.jpg\",\"width\":1200,\"height\":800,\"caption\":\"Axel Wolph, MA'AN Albumproduktion, Green Meadow Road Studio, Aschach an der Donau, Ober\u00f6sterreich, \u00d6sterreich, Reportage, Making Of Photos, Studio Photos, Alex Beitzke, Producer, London, Familie Wolph, Axel, Athena, Laurin, Matti, Niels, Portraits, Mischa Nawrata Photograph, Fotograf, 18. bis 21. Juni 2015, Juni 2015\"},{\"@type\":\"BreadcrumbList\",\"@id\":\"https:\/\/feurich.com\/de\/axel-wolph\/#breadcrumb\",\"itemListElement\":[{\"@type\":\"ListItem\",\"position\":1,\"name\":\"Home\",\"item\":\"https:\/\/feurich.com\/es\/\"},{\"@type\":\"ListItem\",\"position\":2,\"name\":\"Axel Wolph\"}]},{\"@type\":\"WebSite\",\"@id\":\"https:\/\/feurich.com\/en\/#website\",\"url\":\"https:\/\/feurich.com\/en\/\",\"name\":\"FEURICH\",\"description\":\"A sound that connects\",\"publisher\":{\"@id\":\"https:\/\/feurich.com\/en\/#organization\"},\"potentialAction\":[{\"@type\":\"SearchAction\",\"target\":{\"@type\":\"EntryPoint\",\"urlTemplate\":\"https:\/\/feurich.com\/en\/?s={search_term_string}\"},\"query-input\":{\"@type\":\"PropertyValueSpecification\",\"valueRequired\":true,\"valueName\":\"search_term_string\"}}],\"inLanguage\":\"es\"},{\"@type\":\"Organization\",\"@id\":\"https:\/\/feurich.com\/en\/#organization\",\"name\":\"FEURICH\",\"url\":\"https:\/\/feurich.com\/en\/\",\"logo\":{\"@type\":\"ImageObject\",\"inLanguage\":\"es\",\"@id\":\"https:\/\/feurich.com\/en\/#\/schema\/logo\/image\/\",\"url\":\"https:\/\/feurich.com\/wp-content\/uploads\/logo.png\",\"contentUrl\":\"https:\/\/feurich.com\/wp-content\/uploads\/logo.png\",\"width\":354,\"height\":151,\"caption\":\"FEURICH\"},\"image\":{\"@id\":\"https:\/\/feurich.com\/en\/#\/schema\/logo\/image\/\"},\"sameAs\":[\"https:\/\/www.facebook.com\/feurichvienna\/\"]},{\"@type\":\"Person\",\"@id\":\"https:\/\/feurich.com\/en\/#\/schema\/person\/81e0ed9ac975c3a014a17525ddcdc993\",\"name\":\"inge\",\"image\":{\"@type\":\"ImageObject\",\"inLanguage\":\"es\",\"@id\":\"https:\/\/feurich.com\/en\/#\/schema\/person\/image\/\",\"url\":\"https:\/\/secure.gravatar.com\/avatar\/766939ba5751f37e0e2c2b9117488cf2?s=96&d=mm&r=g\",\"contentUrl\":\"https:\/\/secure.gravatar.com\/avatar\/766939ba5751f37e0e2c2b9117488cf2?s=96&d=mm&r=g\",\"caption\":\"inge\"},\"url\":\"https:\/\/feurich.com\/es\/author\/inge\/\"}]}<\/script>\n<!-- \/ Yoast SEO plugin. -->","yoast_head_json":{"title":"Axel Wolph - FEURICH","description":"El sonido equilibrado y ante todo multifac\u00e9tico del FEURICH 133 me ha impresionado a m\u00ed y a muchos otros m\u00fasicos que lo han tocado en mi estudio.","robots":{"index":"index","follow":"follow","max-snippet":"max-snippet:-1","max-image-preview":"max-image-preview:large","max-video-preview":"max-video-preview:-1"},"canonical":"https:\/\/feurich.com\/de\/axel-wolph\/","og_locale":"es_ES","og_type":"article","og_title":"Axel Wolph - FEURICH","og_description":"El sonido equilibrado y ante todo multifac\u00e9tico del FEURICH 133 me ha impresionado a m\u00ed y a muchos otros m\u00fasicos que lo han tocado en mi estudio.","og_url":"https:\/\/feurich.com\/de\/axel-wolph\/","og_site_name":"FEURICH","article_publisher":"https:\/\/www.facebook.com\/feurichvienna\/","article_published_time":"2018-03-25T13:00:21+00:00","article_modified_time":"2018-03-25T13:01:02+00:00","og_image":[{"width":1200,"height":800,"url":"https:\/\/feurich.com\/wp-content\/uploads\/Axel-Wolph-Portrait.jpg","type":"image\/jpeg"}],"author":"inge","twitter_card":"summary_large_image","twitter_misc":{"Escrito por":"inge","Tiempo de lectura":"1 minuto"},"schema":{"@context":"https:\/\/schema.org","@graph":[{"@type":"Article","@id":"https:\/\/feurich.com\/de\/axel-wolph\/#article","isPartOf":{"@id":"https:\/\/feurich.com\/de\/axel-wolph\/"},"author":{"name":"inge","@id":"https:\/\/feurich.com\/en\/#\/schema\/person\/81e0ed9ac975c3a014a17525ddcdc993"},"headline":"Axel Wolph","datePublished":"2018-03-25T13:00:21+00:00","dateModified":"2018-03-25T13:01:02+00:00","mainEntityOfPage":{"@id":"https:\/\/feurich.com\/de\/axel-wolph\/"},"wordCount":178,"publisher":{"@id":"https:\/\/feurich.com\/en\/#organization"},"image":{"@id":"https:\/\/feurich.com\/de\/axel-wolph\/#primaryimage"},"thumbnailUrl":"https:\/\/feurich.com\/wp-content\/uploads\/Axel-Wolph-Portrait.jpg","keywords":["Artistas FEURICH","Axel Wolph","FEURICH","My Lights Are On","Piano for studio"],"articleSection":["Testimonials"],"inLanguage":"es"},{"@type":"WebPage","@id":"https:\/\/feurich.com\/de\/axel-wolph\/","url":"https:\/\/feurich.com\/de\/axel-wolph\/","name":"Axel Wolph - FEURICH","isPartOf":{"@id":"https:\/\/feurich.com\/en\/#website"},"primaryImageOfPage":{"@id":"https:\/\/feurich.com\/de\/axel-wolph\/#primaryimage"},"image":{"@id":"https:\/\/feurich.com\/de\/axel-wolph\/#primaryimage"},"thumbnailUrl":"https:\/\/feurich.com\/wp-content\/uploads\/Axel-Wolph-Portrait.jpg","datePublished":"2018-03-25T13:00:21+00:00","dateModified":"2018-03-25T13:01:02+00:00","description":"El sonido equilibrado y ante todo multifac\u00e9tico del FEURICH 133 me ha impresionado a m\u00ed y a muchos otros m\u00fasicos que lo han tocado en mi estudio.","breadcrumb":{"@id":"https:\/\/feurich.com\/de\/axel-wolph\/#breadcrumb"},"inLanguage":"es","potentialAction":[{"@type":"ReadAction","target":["https:\/\/feurich.com\/de\/axel-wolph\/"]}]},{"@type":"ImageObject","inLanguage":"es","@id":"https:\/\/feurich.com\/de\/axel-wolph\/#primaryimage","url":"https:\/\/feurich.com\/wp-content\/uploads\/Axel-Wolph-Portrait.jpg","contentUrl":"https:\/\/feurich.com\/wp-content\/uploads\/Axel-Wolph-Portrait.jpg","width":1200,"height":800,"caption":"Axel Wolph, MA'AN Albumproduktion, Green Meadow Road Studio, Aschach an der Donau, Ober\u00f6sterreich, \u00d6sterreich, Reportage, Making Of Photos, Studio Photos, Alex Beitzke, Producer, London, Familie Wolph, Axel, Athena, Laurin, Matti, Niels, Portraits, Mischa Nawrata Photograph, Fotograf, 18. bis 21. Juni 2015, Juni 2015"},{"@type":"BreadcrumbList","@id":"https:\/\/feurich.com\/de\/axel-wolph\/#breadcrumb","itemListElement":[{"@type":"ListItem","position":1,"name":"Home","item":"https:\/\/feurich.com\/es\/"},{"@type":"ListItem","position":2,"name":"Axel Wolph"}]},{"@type":"WebSite","@id":"https:\/\/feurich.com\/en\/#website","url":"https:\/\/feurich.com\/en\/","name":"FEURICH","description":"A sound that connects","publisher":{"@id":"https:\/\/feurich.com\/en\/#organization"},"potentialAction":[{"@type":"SearchAction","target":{"@type":"EntryPoint","urlTemplate":"https:\/\/feurich.com\/en\/?s={search_term_string}"},"query-input":{"@type":"PropertyValueSpecification","valueRequired":true,"valueName":"search_term_string"}}],"inLanguage":"es"},{"@type":"Organization","@id":"https:\/\/feurich.com\/en\/#organization","name":"FEURICH","url":"https:\/\/feurich.com\/en\/","logo":{"@type":"ImageObject","inLanguage":"es","@id":"https:\/\/feurich.com\/en\/#\/schema\/logo\/image\/","url":"https:\/\/feurich.com\/wp-content\/uploads\/logo.png","contentUrl":"https:\/\/feurich.com\/wp-content\/uploads\/logo.png","width":354,"height":151,"caption":"FEURICH"},"image":{"@id":"https:\/\/feurich.com\/en\/#\/schema\/logo\/image\/"},"sameAs":["https:\/\/www.facebook.com\/feurichvienna\/"]},{"@type":"Person","@id":"https:\/\/feurich.com\/en\/#\/schema\/person\/81e0ed9ac975c3a014a17525ddcdc993","name":"inge","image":{"@type":"ImageObject","inLanguage":"es","@id":"https:\/\/feurich.com\/en\/#\/schema\/person\/image\/","url":"https:\/\/secure.gravatar.com\/avatar\/766939ba5751f37e0e2c2b9117488cf2?s=96&d=mm&r=g","contentUrl":"https:\/\/secure.gravatar.com\/avatar\/766939ba5751f37e0e2c2b9117488cf2?s=96&d=mm&r=g","caption":"inge"},"url":"https:\/\/feurich.com\/es\/author\/inge\/"}]}},"_links":{"self":[{"href":"https:\/\/feurich.com\/es\/wp-json\/wp\/v2\/posts\/13607","targetHints":{"allow":["GET"]}}],"collection":[{"href":"https:\/\/feurich.com\/es\/wp-json\/wp\/v2\/posts"}],"about":[{"href":"https:\/\/feurich.com\/es\/wp-json\/wp\/v2\/types\/post"}],"author":[{"embeddable":true,"href":"https:\/\/feurich.com\/es\/wp-json\/wp\/v2\/users\/7"}],"replies":[{"embeddable":true,"href":"https:\/\/feurich.com\/es\/wp-json\/wp\/v2\/comments?post=13607"}],"version-history":[{"count":3,"href":"https:\/\/feurich.com\/es\/wp-json\/wp\/v2\/posts\/13607\/revisions"}],"predecessor-version":[{"id":13611,"href":"https:\/\/feurich.com\/es\/wp-json\/wp\/v2\/posts\/13607\/revisions\/13611"}],"wp:featuredmedia":[{"embeddable":true,"href":"https:\/\/feurich.com\/es\/wp-json\/wp\/v2\/media\/13608"}],"wp:attachment":[{"href":"https:\/\/feurich.com\/es\/wp-json\/wp\/v2\/media?parent=13607"}],"wp:term":[{"taxonomy":"category","embeddable":true,"href":"https:\/\/feurich.com\/es\/wp-json\/wp\/v2\/categories?post=13607"},{"taxonomy":"post_tag","embeddable":true,"href":"https:\/\/feurich.com\/es\/wp-json\/wp\/v2\/tags?post=13607"}],"curies":[{"name":"wp","href":"https:\/\/api.w.org\/{rel}","templated":true}]}}