{"id":13558,"date":"2018-03-23T17:02:03","date_gmt":"2018-03-23T17:02:03","guid":{"rendered":"https:\/\/www.feurich.com\/x-factor-portugal\/"},"modified":"2018-03-23T17:02:04","modified_gmt":"2018-03-23T17:02:04","slug":"x-factor-portugal","status":"publish","type":"post","link":"https:\/\/feurich.com\/es\/x-factor-portugal\/","title":{"rendered":"X-Factor Portugal"},"content":{"rendered":"<div class=\"wpb-content-wrapper\"><p>[vc_row 0=\u00bb\u00bb][vc_column width=\u00bb1\/3&#8243;][vc_column_text]<div class=\"wpb_video_widget wpb_content_element  vc_clearfix vc_video-aspect-ratio-43 vc_video-el-width-100 vc_video-align-left\"><div class=\"wpb_wrapper\"><div class=\"wpb_video_wrapper\"><div class=\"fluid-width-video-wrapper\"><iframe src=\"https:\/\/www.youtube.com\/embed\/iofEFC9ZuIw?feature=oembed\" frameborder=\"0\" gesture=\"media\" allow=\"encrypted-media\" allowfullscreen=\"\" class=\"vid-youtube\"><\/iframe><\/div><\/div><\/div><\/div>[\/vc_column_text][\/vc_column][vc_column width=\u00bb2\/3&#8243;][vc_empty_space][vc_column_text 0=\u00bb\u00bb]X-Factor Portugal es la versi\u00f3n portuguesa del casting brit\u00e1nico The X Factor, desarrollado y producido por Simon Cowell. El espect\u00e1culo que se emiti\u00f3 en la televisi\u00f3n portuguesa en el 2014, fue dise\u00f1ado para descubrir el talento vocal y musical de sus participantes, un talento conocido como Factor X. El premio fue un contrato con una compa\u00f1\u00eda discogr\u00e1fica.<\/p>\n<p>En los escenarios del estudio de televisi\u00f3n impresion\u00f3 un piano de cola de concierto FEURICH que apoyaba la actuaci\u00f3n de los artistas.<\/p>\n<p><a href=\"https:\/\/www.feurich.com\/es\/referencias\/eventos\/\">&gt;&gt; volver a Eventos<\/a>[\/vc_column_text][\/vc_column][\/vc_row]<\/p>\n<\/div>","protected":false},"excerpt":{"rendered":"<p>En los escenarios y en la final de X-Factor Portugal 2014 impresion\u00f3 un piano de cola de concierto FEURICH utilizado en la actuaci\u00f3n de los candidatos.<\/p>\n","protected":false},"author":4,"featured_media":11600,"comment_status":"closed","ping_status":"closed","sticky":false,"template":"","format":"standard","meta":{"inline_featured_image":false,"footnotes":""},"categories":[309],"tags":[],"class_list":["post-13558","post","type-post","status-publish","format-standard","has-post-thumbnail","hentry","category-sin-categorizar"],"acf":[],"yoast_head":"<!-- This site is optimized with the Yoast SEO plugin v24.4 - https:\/\/yoast.com\/wordpress\/plugins\/seo\/ -->\n<title>X-Factor Portugal - FEURICH<\/title>\n<meta name=\"description\" content=\"En los escenarios y en la final de X-Factor Portugal 2014 impresion\u00f3 un piano de cola de concierto FEURICH utilizado en la actuaci\u00f3n de los candidatos.\" \/>\n<meta name=\"robots\" content=\"index, follow, max-snippet:-1, max-image-preview:large, max-video-preview:-1\" \/>\n<link rel=\"canonical\" href=\"https:\/\/feurich.com\/es\/x-factor-portugal\/\" \/>\n<meta property=\"og:locale\" content=\"es_ES\" \/>\n<meta property=\"og:type\" content=\"article\" \/>\n<meta property=\"og:title\" content=\"X-Factor Portugal - FEURICH\" \/>\n<meta property=\"og:description\" content=\"En los escenarios y en la final de X-Factor Portugal 2014 impresion\u00f3 un piano de cola de concierto FEURICH utilizado en la actuaci\u00f3n de los candidatos.\" \/>\n<meta property=\"og:url\" content=\"https:\/\/feurich.com\/es\/x-factor-portugal\/\" \/>\n<meta property=\"og:site_name\" content=\"FEURICH\" \/>\n<meta property=\"article:publisher\" content=\"https:\/\/www.facebook.com\/feurichvienna\/\" \/>\n<meta property=\"article:published_time\" content=\"2018-03-23T17:02:03+00:00\" \/>\n<meta property=\"article:modified_time\" content=\"2018-03-23T17:02:04+00:00\" \/>\n<meta property=\"og:image\" content=\"https:\/\/feurich.com\/wp-content\/uploads\/x-factor-portugal-2014-l-gala.jpg\" \/>\n\t<meta property=\"og:image:width\" content=\"360\" \/>\n\t<meta property=\"og:image:height\" content=\"260\" \/>\n\t<meta property=\"og:image:type\" content=\"image\/jpeg\" \/>\n<meta name=\"author\" content=\"andrey\" \/>\n<meta name=\"twitter:card\" content=\"summary_large_image\" \/>\n<meta name=\"twitter:label1\" content=\"Escrito por\" \/>\n\t<meta name=\"twitter:data1\" content=\"andrey\" \/>\n\t<meta name=\"twitter:label2\" content=\"Tiempo de lectura\" \/>\n\t<meta name=\"twitter:data2\" content=\"1 minuto\" \/>\n<script type=\"application\/ld+json\" class=\"yoast-schema-graph\">{\"@context\":\"https:\/\/schema.org\",\"@graph\":[{\"@type\":\"Article\",\"@id\":\"https:\/\/feurich.com\/es\/x-factor-portugal\/#article\",\"isPartOf\":{\"@id\":\"https:\/\/feurich.com\/es\/x-factor-portugal\/\"},\"author\":{\"name\":\"andrey\",\"@id\":\"https:\/\/feurich.com\/en\/#\/schema\/person\/e2344d8da3ad2c89da314fd8e56bbfe9\"},\"headline\":\"X-Factor Portugal\",\"datePublished\":\"2018-03-23T17:02:03+00:00\",\"dateModified\":\"2018-03-23T17:02:04+00:00\",\"mainEntityOfPage\":{\"@id\":\"https:\/\/feurich.com\/es\/x-factor-portugal\/\"},\"wordCount\":131,\"publisher\":{\"@id\":\"https:\/\/feurich.com\/en\/#organization\"},\"image\":{\"@id\":\"https:\/\/feurich.com\/es\/x-factor-portugal\/#primaryimage\"},\"thumbnailUrl\":\"https:\/\/feurich.com\/wp-content\/uploads\/x-factor-portugal-2014-l-gala.jpg\",\"articleSection\":[\"Novedades\"],\"inLanguage\":\"es\"},{\"@type\":\"WebPage\",\"@id\":\"https:\/\/feurich.com\/es\/x-factor-portugal\/\",\"url\":\"https:\/\/feurich.com\/es\/x-factor-portugal\/\",\"name\":\"X-Factor Portugal - FEURICH\",\"isPartOf\":{\"@id\":\"https:\/\/feurich.com\/en\/#website\"},\"primaryImageOfPage\":{\"@id\":\"https:\/\/feurich.com\/es\/x-factor-portugal\/#primaryimage\"},\"image\":{\"@id\":\"https:\/\/feurich.com\/es\/x-factor-portugal\/#primaryimage\"},\"thumbnailUrl\":\"https:\/\/feurich.com\/wp-content\/uploads\/x-factor-portugal-2014-l-gala.jpg\",\"datePublished\":\"2018-03-23T17:02:03+00:00\",\"dateModified\":\"2018-03-23T17:02:04+00:00\",\"description\":\"En los escenarios y en la final de X-Factor Portugal 2014 impresion\u00f3 un piano de cola de concierto FEURICH utilizado en la actuaci\u00f3n de los candidatos.\",\"breadcrumb\":{\"@id\":\"https:\/\/feurich.com\/es\/x-factor-portugal\/#breadcrumb\"},\"inLanguage\":\"es\",\"potentialAction\":[{\"@type\":\"ReadAction\",\"target\":[\"https:\/\/feurich.com\/es\/x-factor-portugal\/\"]}]},{\"@type\":\"ImageObject\",\"inLanguage\":\"es\",\"@id\":\"https:\/\/feurich.com\/es\/x-factor-portugal\/#primaryimage\",\"url\":\"https:\/\/feurich.com\/wp-content\/uploads\/x-factor-portugal-2014-l-gala.jpg\",\"contentUrl\":\"https:\/\/feurich.com\/wp-content\/uploads\/x-factor-portugal-2014-l-gala.jpg\",\"width\":360,\"height\":260,\"caption\":\"x-factor Portugal 2014 Gala\"},{\"@type\":\"BreadcrumbList\",\"@id\":\"https:\/\/feurich.com\/es\/x-factor-portugal\/#breadcrumb\",\"itemListElement\":[{\"@type\":\"ListItem\",\"position\":1,\"name\":\"Home\",\"item\":\"https:\/\/feurich.com\/es\/\"},{\"@type\":\"ListItem\",\"position\":2,\"name\":\"X-Factor Portugal\"}]},{\"@type\":\"WebSite\",\"@id\":\"https:\/\/feurich.com\/en\/#website\",\"url\":\"https:\/\/feurich.com\/en\/\",\"name\":\"FEURICH\",\"description\":\"A sound that connects\",\"publisher\":{\"@id\":\"https:\/\/feurich.com\/en\/#organization\"},\"potentialAction\":[{\"@type\":\"SearchAction\",\"target\":{\"@type\":\"EntryPoint\",\"urlTemplate\":\"https:\/\/feurich.com\/en\/?s={search_term_string}\"},\"query-input\":{\"@type\":\"PropertyValueSpecification\",\"valueRequired\":true,\"valueName\":\"search_term_string\"}}],\"inLanguage\":\"es\"},{\"@type\":\"Organization\",\"@id\":\"https:\/\/feurich.com\/en\/#organization\",\"name\":\"FEURICH\",\"url\":\"https:\/\/feurich.com\/en\/\",\"logo\":{\"@type\":\"ImageObject\",\"inLanguage\":\"es\",\"@id\":\"https:\/\/feurich.com\/en\/#\/schema\/logo\/image\/\",\"url\":\"https:\/\/feurich.com\/wp-content\/uploads\/logo.png\",\"contentUrl\":\"https:\/\/feurich.com\/wp-content\/uploads\/logo.png\",\"width\":354,\"height\":151,\"caption\":\"FEURICH\"},\"image\":{\"@id\":\"https:\/\/feurich.com\/en\/#\/schema\/logo\/image\/\"},\"sameAs\":[\"https:\/\/www.facebook.com\/feurichvienna\/\"]},{\"@type\":\"Person\",\"@id\":\"https:\/\/feurich.com\/en\/#\/schema\/person\/e2344d8da3ad2c89da314fd8e56bbfe9\",\"name\":\"andrey\",\"image\":{\"@type\":\"ImageObject\",\"inLanguage\":\"es\",\"@id\":\"https:\/\/feurich.com\/en\/#\/schema\/person\/image\/\",\"url\":\"https:\/\/secure.gravatar.com\/avatar\/36721f49f2d4127eeb7b01a218622650?s=96&d=mm&r=g\",\"contentUrl\":\"https:\/\/secure.gravatar.com\/avatar\/36721f49f2d4127eeb7b01a218622650?s=96&d=mm&r=g\",\"caption\":\"andrey\"},\"url\":\"https:\/\/feurich.com\/es\/author\/andrey\/\"}]}<\/script>\n<!-- \/ Yoast SEO plugin. -->","yoast_head_json":{"title":"X-Factor Portugal - FEURICH","description":"En los escenarios y en la final de X-Factor Portugal 2014 impresion\u00f3 un piano de cola de concierto FEURICH utilizado en la actuaci\u00f3n de los candidatos.","robots":{"index":"index","follow":"follow","max-snippet":"max-snippet:-1","max-image-preview":"max-image-preview:large","max-video-preview":"max-video-preview:-1"},"canonical":"https:\/\/feurich.com\/es\/x-factor-portugal\/","og_locale":"es_ES","og_type":"article","og_title":"X-Factor Portugal - FEURICH","og_description":"En los escenarios y en la final de X-Factor Portugal 2014 impresion\u00f3 un piano de cola de concierto FEURICH utilizado en la actuaci\u00f3n de los candidatos.","og_url":"https:\/\/feurich.com\/es\/x-factor-portugal\/","og_site_name":"FEURICH","article_publisher":"https:\/\/www.facebook.com\/feurichvienna\/","article_published_time":"2018-03-23T17:02:03+00:00","article_modified_time":"2018-03-23T17:02:04+00:00","og_image":[{"width":360,"height":260,"url":"https:\/\/feurich.com\/wp-content\/uploads\/x-factor-portugal-2014-l-gala.jpg","type":"image\/jpeg"}],"author":"andrey","twitter_card":"summary_large_image","twitter_misc":{"Escrito por":"andrey","Tiempo de lectura":"1 minuto"},"schema":{"@context":"https:\/\/schema.org","@graph":[{"@type":"Article","@id":"https:\/\/feurich.com\/es\/x-factor-portugal\/#article","isPartOf":{"@id":"https:\/\/feurich.com\/es\/x-factor-portugal\/"},"author":{"name":"andrey","@id":"https:\/\/feurich.com\/en\/#\/schema\/person\/e2344d8da3ad2c89da314fd8e56bbfe9"},"headline":"X-Factor Portugal","datePublished":"2018-03-23T17:02:03+00:00","dateModified":"2018-03-23T17:02:04+00:00","mainEntityOfPage":{"@id":"https:\/\/feurich.com\/es\/x-factor-portugal\/"},"wordCount":131,"publisher":{"@id":"https:\/\/feurich.com\/en\/#organization"},"image":{"@id":"https:\/\/feurich.com\/es\/x-factor-portugal\/#primaryimage"},"thumbnailUrl":"https:\/\/feurich.com\/wp-content\/uploads\/x-factor-portugal-2014-l-gala.jpg","articleSection":["Novedades"],"inLanguage":"es"},{"@type":"WebPage","@id":"https:\/\/feurich.com\/es\/x-factor-portugal\/","url":"https:\/\/feurich.com\/es\/x-factor-portugal\/","name":"X-Factor Portugal - FEURICH","isPartOf":{"@id":"https:\/\/feurich.com\/en\/#website"},"primaryImageOfPage":{"@id":"https:\/\/feurich.com\/es\/x-factor-portugal\/#primaryimage"},"image":{"@id":"https:\/\/feurich.com\/es\/x-factor-portugal\/#primaryimage"},"thumbnailUrl":"https:\/\/feurich.com\/wp-content\/uploads\/x-factor-portugal-2014-l-gala.jpg","datePublished":"2018-03-23T17:02:03+00:00","dateModified":"2018-03-23T17:02:04+00:00","description":"En los escenarios y en la final de X-Factor Portugal 2014 impresion\u00f3 un piano de cola de concierto FEURICH utilizado en la actuaci\u00f3n de los candidatos.","breadcrumb":{"@id":"https:\/\/feurich.com\/es\/x-factor-portugal\/#breadcrumb"},"inLanguage":"es","potentialAction":[{"@type":"ReadAction","target":["https:\/\/feurich.com\/es\/x-factor-portugal\/"]}]},{"@type":"ImageObject","inLanguage":"es","@id":"https:\/\/feurich.com\/es\/x-factor-portugal\/#primaryimage","url":"https:\/\/feurich.com\/wp-content\/uploads\/x-factor-portugal-2014-l-gala.jpg","contentUrl":"https:\/\/feurich.com\/wp-content\/uploads\/x-factor-portugal-2014-l-gala.jpg","width":360,"height":260,"caption":"x-factor Portugal 2014 Gala"},{"@type":"BreadcrumbList","@id":"https:\/\/feurich.com\/es\/x-factor-portugal\/#breadcrumb","itemListElement":[{"@type":"ListItem","position":1,"name":"Home","item":"https:\/\/feurich.com\/es\/"},{"@type":"ListItem","position":2,"name":"X-Factor Portugal"}]},{"@type":"WebSite","@id":"https:\/\/feurich.com\/en\/#website","url":"https:\/\/feurich.com\/en\/","name":"FEURICH","description":"A sound that connects","publisher":{"@id":"https:\/\/feurich.com\/en\/#organization"},"potentialAction":[{"@type":"SearchAction","target":{"@type":"EntryPoint","urlTemplate":"https:\/\/feurich.com\/en\/?s={search_term_string}"},"query-input":{"@type":"PropertyValueSpecification","valueRequired":true,"valueName":"search_term_string"}}],"inLanguage":"es"},{"@type":"Organization","@id":"https:\/\/feurich.com\/en\/#organization","name":"FEURICH","url":"https:\/\/feurich.com\/en\/","logo":{"@type":"ImageObject","inLanguage":"es","@id":"https:\/\/feurich.com\/en\/#\/schema\/logo\/image\/","url":"https:\/\/feurich.com\/wp-content\/uploads\/logo.png","contentUrl":"https:\/\/feurich.com\/wp-content\/uploads\/logo.png","width":354,"height":151,"caption":"FEURICH"},"image":{"@id":"https:\/\/feurich.com\/en\/#\/schema\/logo\/image\/"},"sameAs":["https:\/\/www.facebook.com\/feurichvienna\/"]},{"@type":"Person","@id":"https:\/\/feurich.com\/en\/#\/schema\/person\/e2344d8da3ad2c89da314fd8e56bbfe9","name":"andrey","image":{"@type":"ImageObject","inLanguage":"es","@id":"https:\/\/feurich.com\/en\/#\/schema\/person\/image\/","url":"https:\/\/secure.gravatar.com\/avatar\/36721f49f2d4127eeb7b01a218622650?s=96&d=mm&r=g","contentUrl":"https:\/\/secure.gravatar.com\/avatar\/36721f49f2d4127eeb7b01a218622650?s=96&d=mm&r=g","caption":"andrey"},"url":"https:\/\/feurich.com\/es\/author\/andrey\/"}]}},"_links":{"self":[{"href":"https:\/\/feurich.com\/es\/wp-json\/wp\/v2\/posts\/13558","targetHints":{"allow":["GET"]}}],"collection":[{"href":"https:\/\/feurich.com\/es\/wp-json\/wp\/v2\/posts"}],"about":[{"href":"https:\/\/feurich.com\/es\/wp-json\/wp\/v2\/types\/post"}],"author":[{"embeddable":true,"href":"https:\/\/feurich.com\/es\/wp-json\/wp\/v2\/users\/4"}],"replies":[{"embeddable":true,"href":"https:\/\/feurich.com\/es\/wp-json\/wp\/v2\/comments?post=13558"}],"version-history":[{"count":1,"href":"https:\/\/feurich.com\/es\/wp-json\/wp\/v2\/posts\/13558\/revisions"}],"predecessor-version":[{"id":13559,"href":"https:\/\/feurich.com\/es\/wp-json\/wp\/v2\/posts\/13558\/revisions\/13559"}],"wp:featuredmedia":[{"embeddable":true,"href":"https:\/\/feurich.com\/es\/wp-json\/wp\/v2\/media\/11600"}],"wp:attachment":[{"href":"https:\/\/feurich.com\/es\/wp-json\/wp\/v2\/media?parent=13558"}],"wp:term":[{"taxonomy":"category","embeddable":true,"href":"https:\/\/feurich.com\/es\/wp-json\/wp\/v2\/categories?post=13558"},{"taxonomy":"post_tag","embeddable":true,"href":"https:\/\/feurich.com\/es\/wp-json\/wp\/v2\/tags?post=13558"}],"curies":[{"name":"wp","href":"https:\/\/api.w.org\/{rel}","templated":true}]}}